{"id":3845,"date":"2016-11-30T19:04:15","date_gmt":"2016-11-30T17:04:15","guid":{"rendered":"http:\/\/www.aripisprecer.ro\/?p=3845"},"modified":"2021-12-15T13:12:03","modified_gmt":"2021-12-15T11:12:03","slug":"asculta-cele-mai-frumoase-colinde","status":"publish","type":"post","link":"https:\/\/www.aripisprecer.ro\/2016\/11\/30\/asculta-cele-mai-frumoase-colinde\/","title":{"rendered":"Ascult\u0103 cele mai frumoase colinde"},"content":{"rendered":"<h2>Ascult\u0103 cele mai frumoase colinde<\/h2>\n<p>Avem pl\u0103cerea s\u0103 v\u0103 anun\u021b\u0103m c\u0103 <strong>din\u00a0data de 1. Decembrie 2016 ora 0.00<\/strong>, la Radio Cre\u0219tin Aripi Spre Cer va <strong>\u00eencepe sezonul de colinde<\/strong>.<\/p>\n<p>Ascult\u0103 \u0219i tu cele mai frumoase colinde \u0219i invit\u0103-\u021bi \u0219i prietenii s\u0103 le asculte dedic\u00e2ndu-le o colind\u0103 din aplica\u021bia Aripi Spre Cer sau prin intermediul site-ului la sec\u021biunea &#8222;Preferin\u021be Muzicale&#8221;.<\/p>\n<p>Dintre interpre\u021bii pe care \u00eei pute\u021bi asculta \u00een playlist-ul de cr\u0103ciun \u00eei amintim pe: <em>Alin Timofte, Emma Repede, Speran\u021ba, Gabi Gorcea \u0219i prietenii, The Messengers, Adi Galiger, Filadelfia, Grupul Amos. Adonia, Adriana Stoica, Agape, Altfel, Ami \u0219i Crista, Betel, C\u0103talin \u0219i Ramona Lup, Andreea Popoi, Cire\u0219arii. Claudia Danciu, Cristian Vaduva, CristoCentric, Evanghelic, Grup Alfa, Luiza Spiridon, Marian Zamfir, Noii Levi\u021bi, Puiu Chibici, Quo Vadis. Sola Scriptura, Utu \u0218uteu, Vali Pentea Sava, Vasile \u0219i Daniel B\u0103lan<\/em> \u0219i multi al\u021bii.<\/p>\n<p>Colindele vor fi difuzate <strong>p\u00e2n\u0103 pe data de 15. ianuarie 2017<\/strong>.<\/p>\n<p>Echipa Radio Aripi Spre Cer v\u0103 dore\u0219te o audi\u021bie placut\u0103 \u0219i folositoare!<\/p>\n<figure id=\"attachment_3849\" aria-describedby=\"caption-attachment-3849\" style=\"width: 595px\" class=\"wp-caption alignnone\"><img decoding=\"async\" class=\"wp-image-3849 size-medium\" src=\"https:\/\/www.aripisprecer.ro\/upd\/2016\/11\/colinde_2016_optimized-595x425.gif\" alt=\"Colinde Crestine Online\" width=\"595\" height=\"425\" \/><figcaption id=\"caption-attachment-3849\" class=\"wp-caption-text\">Asculta cele mai frumoase colinde crestine de Craciun &#8211; Nasterea Mantuitorului Isus Hristos<\/figcaption><\/figure>\n","protected":false},"excerpt":{"rendered":"<p>Ascult\u0103 cele mai frumoase colinde Avem pl\u0103cerea s\u0103 v\u0103 anun\u021b\u0103m c\u0103 din\u00a0data de 1. Decembrie 2016 ora 0.00, la Radio Cre\u0219tin Aripi Spre Cer va \u00eencepe sezonul de colinde. Ascult\u0103 \u0219i tu cele mai frumoase colinde \u0219i invit\u0103-\u021bi \u0219i prietenii s\u0103 le asculte dedic\u00e2ndu-le o colind\u0103 din aplica\u021bia Aripi Spre Cer sau prin intermediul site-ului [&hellip;]<\/p>\n","protected":false},"author":1,"featured_media":3860,"comment_status":"closed","ping_status":"open","sticky":false,"template":"","format":"standard","meta":{"footnotes":""},"categories":[1],"tags":[],"class_list":["post-3845","post","type-post","status-publish","format-standard","has-post-thumbnail","hentry","category-fara-categorie"],"yoast_head":"<!-- This site is optimized with the Yoast SEO Premium plugin v22.3 (Yoast SEO v27.1.1) - https:\/\/yoast.com\/product\/yoast-seo-premium-wordpress\/ -->\n<title>Ascult\u0103 cele mai frumoase colinde - Radio Crestin Aripi Spre Cer Online<\/title>\n<meta name=\"description\" content=\"Colinde crestine, radio crestin, predici, muzica crestina, craciun, nasterea Domnului, Betleem, iesle, Maria si iosif, pastori, magi, prunc, steaua\" \/>\n<meta name=\"robots\" content=\"index, follow, max-snippet:-1, max-image-preview:large, max-video-preview:-1\" \/>\n<link rel=\"canonical\" href=\"https:\/\/www.aripisprecer.ro\/2016\/11\/30\/asculta-cele-mai-frumoase-colinde\/\" \/>\n<meta property=\"og:locale\" content=\"ro_RO\" \/>\n<meta property=\"og:type\" content=\"article\" \/>\n<meta property=\"og:title\" content=\"Ascult\u0103 cele mai frumoase colinde - Radio Crestin Aripi Spre Cer Online\" \/>\n<meta property=\"og:description\" content=\"Colinde crestine, radio crestin, predici, muzica crestina, craciun, nasterea Domnului, Betleem, iesle, Maria si iosif, pastori, magi, prunc, steaua\" \/>\n<meta property=\"og:url\" content=\"https:\/\/www.aripisprecer.ro\/2016\/11\/30\/asculta-cele-mai-frumoase-colinde\/\" \/>\n<meta property=\"og:site_name\" content=\"Radio Crestin Aripi Spre Cer Online\" \/>\n<meta property=\"article:publisher\" content=\"https:\/\/www.facebook.com\/aripisprecer.ro\/\" \/>\n<meta property=\"article:published_time\" content=\"2016-11-30T17:04:15+00:00\" \/>\n<meta property=\"article:modified_time\" content=\"2021-12-15T11:12:03+00:00\" \/>\n<meta property=\"og:image\" content=\"https:\/\/www.aripisprecer.ro\/upd\/2016\/11\/colinde_2016_2.jpg\" \/>\n\t<meta property=\"og:image:width\" content=\"800\" \/>\n\t<meta property=\"og:image:height\" content=\"600\" \/>\n\t<meta property=\"og:image:type\" content=\"image\/jpeg\" \/>\n<meta name=\"author\" content=\"marius C.\" \/>\n<meta name=\"twitter:card\" content=\"summary_large_image\" \/>\n<meta name=\"twitter:creator\" content=\"@RadioCrestin\" \/>\n<meta name=\"twitter:site\" content=\"@RadioCrestin\" \/>\n<meta name=\"twitter:label1\" content=\"Scris de\" \/>\n\t<meta name=\"twitter:data1\" content=\"marius C.\" \/>\n\t<meta name=\"twitter:label2\" content=\"Timp estimat pentru citire\" \/>\n\t<meta name=\"twitter:data2\" content=\"1 minut\" \/>\n<script type=\"application\/ld+json\" class=\"yoast-schema-graph\">{\"@context\":\"https:\/\/schema.org\",\"@graph\":[{\"@type\":\"Article\",\"@id\":\"https:\/\/www.aripisprecer.ro\/2016\/11\/30\/asculta-cele-mai-frumoase-colinde\/#article\",\"isPartOf\":{\"@id\":\"https:\/\/www.aripisprecer.ro\/2016\/11\/30\/asculta-cele-mai-frumoase-colinde\/\"},\"author\":{\"name\":\"marius C.\",\"@id\":\"https:\/\/www.aripisprecer.ro\/#\/schema\/person\/4e904cd8d1785e75305c26675f76b6fb\"},\"headline\":\"Ascult\u0103 cele mai frumoase colinde\",\"datePublished\":\"2016-11-30T17:04:15+00:00\",\"dateModified\":\"2021-12-15T11:12:03+00:00\",\"mainEntityOfPage\":{\"@id\":\"https:\/\/www.aripisprecer.ro\/2016\/11\/30\/asculta-cele-mai-frumoase-colinde\/\"},\"wordCount\":202,\"publisher\":{\"@id\":\"https:\/\/www.aripisprecer.ro\/#organization\"},\"image\":{\"@id\":\"https:\/\/www.aripisprecer.ro\/2016\/11\/30\/asculta-cele-mai-frumoase-colinde\/#primaryimage\"},\"thumbnailUrl\":\"https:\/\/www.aripisprecer.ro\/upd\/2016\/11\/colinde_2016_2.jpg\",\"inLanguage\":\"ro-RO\"},{\"@type\":\"WebPage\",\"@id\":\"https:\/\/www.aripisprecer.ro\/2016\/11\/30\/asculta-cele-mai-frumoase-colinde\/\",\"url\":\"https:\/\/www.aripisprecer.ro\/2016\/11\/30\/asculta-cele-mai-frumoase-colinde\/\",\"name\":\"Ascult\u0103 cele mai frumoase colinde - Radio Crestin Aripi Spre Cer Online\",\"isPartOf\":{\"@id\":\"https:\/\/www.aripisprecer.ro\/#website\"},\"primaryImageOfPage\":{\"@id\":\"https:\/\/www.aripisprecer.ro\/2016\/11\/30\/asculta-cele-mai-frumoase-colinde\/#primaryimage\"},\"image\":{\"@id\":\"https:\/\/www.aripisprecer.ro\/2016\/11\/30\/asculta-cele-mai-frumoase-colinde\/#primaryimage\"},\"thumbnailUrl\":\"https:\/\/www.aripisprecer.ro\/upd\/2016\/11\/colinde_2016_2.jpg\",\"datePublished\":\"2016-11-30T17:04:15+00:00\",\"dateModified\":\"2021-12-15T11:12:03+00:00\",\"description\":\"Colinde crestine, radio crestin, predici, muzica crestina, craciun, nasterea Domnului, Betleem, iesle, Maria si iosif, pastori, magi, prunc, steaua\",\"inLanguage\":\"ro-RO\",\"potentialAction\":[{\"@type\":\"ReadAction\",\"target\":[\"https:\/\/www.aripisprecer.ro\/2016\/11\/30\/asculta-cele-mai-frumoase-colinde\/\"]}]},{\"@type\":\"ImageObject\",\"inLanguage\":\"ro-RO\",\"@id\":\"https:\/\/www.aripisprecer.ro\/2016\/11\/30\/asculta-cele-mai-frumoase-colinde\/#primaryimage\",\"url\":\"https:\/\/www.aripisprecer.ro\/upd\/2016\/11\/colinde_2016_2.jpg\",\"contentUrl\":\"https:\/\/www.aripisprecer.ro\/upd\/2016\/11\/colinde_2016_2.jpg\",\"width\":800,\"height\":600,\"caption\":\"Colinde Radio Aripi Spre Cer Nasterea Domnului Isus Hristos\"},{\"@type\":\"WebSite\",\"@id\":\"https:\/\/www.aripisprecer.ro\/#website\",\"url\":\"https:\/\/www.aripisprecer.ro\/\",\"name\":\"Radio Crestin Aripi Spre Cer Online\",\"description\":\"Radio crestin online: muzica crestina, predici, mesaje biblice, emisiuni \u00een direct, preferin\u021be muzicale\",\"publisher\":{\"@id\":\"https:\/\/www.aripisprecer.ro\/#organization\"},\"potentialAction\":[{\"@type\":\"SearchAction\",\"target\":{\"@type\":\"EntryPoint\",\"urlTemplate\":\"https:\/\/www.aripisprecer.ro\/?s={search_term_string}\"},\"query-input\":{\"@type\":\"PropertyValueSpecification\",\"valueRequired\":true,\"valueName\":\"search_term_string\"}}],\"inLanguage\":\"ro-RO\"},{\"@type\":\"Organization\",\"@id\":\"https:\/\/www.aripisprecer.ro\/#organization\",\"name\":\"Radio Crestin Aripi Spre Cer Online\",\"url\":\"https:\/\/www.aripisprecer.ro\/\",\"logo\":{\"@type\":\"ImageObject\",\"inLanguage\":\"ro-RO\",\"@id\":\"https:\/\/www.aripisprecer.ro\/#\/schema\/logo\/image\/\",\"url\":\"https:\/\/www.aripisprecer.ro\/upd\/2016\/09\/logo_aripi.png\",\"contentUrl\":\"https:\/\/www.aripisprecer.ro\/upd\/2016\/09\/logo_aripi.png\",\"width\":330,\"height\":120,\"caption\":\"Radio Crestin Aripi Spre Cer Online\"},\"image\":{\"@id\":\"https:\/\/www.aripisprecer.ro\/#\/schema\/logo\/image\/\"},\"sameAs\":[\"https:\/\/www.facebook.com\/aripisprecer.ro\/\",\"https:\/\/x.com\/RadioCrestin\",\"https:\/\/www.youtube.com\/channel\/UCxDyeO_poUL1wxls-ToZP2Q\"]},{\"@type\":\"Person\",\"@id\":\"https:\/\/www.aripisprecer.ro\/#\/schema\/person\/4e904cd8d1785e75305c26675f76b6fb\",\"name\":\"marius C.\",\"image\":{\"@type\":\"ImageObject\",\"inLanguage\":\"ro-RO\",\"@id\":\"https:\/\/www.aripisprecer.ro\/#\/schema\/person\/image\/\",\"url\":\"https:\/\/www.aripisprecer.ro\/cnt\/litespeed\/avatar\/804141119451ee34b8e087654108c6c7.jpg?ver=1777437754\",\"contentUrl\":\"https:\/\/www.aripisprecer.ro\/cnt\/litespeed\/avatar\/804141119451ee34b8e087654108c6c7.jpg?ver=1777437754\",\"caption\":\"marius C.\"},\"url\":\"https:\/\/www.aripisprecer.ro\/profil\/marius\/\"}]}<\/script>\n<!-- \/ Yoast SEO Premium plugin. -->","yoast_head_json":{"title":"Ascult\u0103 cele mai frumoase colinde - Radio Crestin Aripi Spre Cer Online","description":"Colinde crestine, radio crestin, predici, muzica crestina, craciun, nasterea Domnului, Betleem, iesle, Maria si iosif, pastori, magi, prunc, steaua","robots":{"index":"index","follow":"follow","max-snippet":"max-snippet:-1","max-image-preview":"max-image-preview:large","max-video-preview":"max-video-preview:-1"},"canonical":"https:\/\/www.aripisprecer.ro\/2016\/11\/30\/asculta-cele-mai-frumoase-colinde\/","og_locale":"ro_RO","og_type":"article","og_title":"Ascult\u0103 cele mai frumoase colinde - Radio Crestin Aripi Spre Cer Online","og_description":"Colinde crestine, radio crestin, predici, muzica crestina, craciun, nasterea Domnului, Betleem, iesle, Maria si iosif, pastori, magi, prunc, steaua","og_url":"https:\/\/www.aripisprecer.ro\/2016\/11\/30\/asculta-cele-mai-frumoase-colinde\/","og_site_name":"Radio Crestin Aripi Spre Cer Online","article_publisher":"https:\/\/www.facebook.com\/aripisprecer.ro\/","article_published_time":"2016-11-30T17:04:15+00:00","article_modified_time":"2021-12-15T11:12:03+00:00","og_image":[{"width":800,"height":600,"url":"https:\/\/www.aripisprecer.ro\/upd\/2016\/11\/colinde_2016_2.jpg","type":"image\/jpeg"}],"author":"marius C.","twitter_card":"summary_large_image","twitter_creator":"@RadioCrestin","twitter_site":"@RadioCrestin","twitter_misc":{"Scris de":"marius C.","Timp estimat pentru citire":"1 minut"},"schema":{"@context":"https:\/\/schema.org","@graph":[{"@type":"Article","@id":"https:\/\/www.aripisprecer.ro\/2016\/11\/30\/asculta-cele-mai-frumoase-colinde\/#article","isPartOf":{"@id":"https:\/\/www.aripisprecer.ro\/2016\/11\/30\/asculta-cele-mai-frumoase-colinde\/"},"author":{"name":"marius C.","@id":"https:\/\/www.aripisprecer.ro\/#\/schema\/person\/4e904cd8d1785e75305c26675f76b6fb"},"headline":"Ascult\u0103 cele mai frumoase colinde","datePublished":"2016-11-30T17:04:15+00:00","dateModified":"2021-12-15T11:12:03+00:00","mainEntityOfPage":{"@id":"https:\/\/www.aripisprecer.ro\/2016\/11\/30\/asculta-cele-mai-frumoase-colinde\/"},"wordCount":202,"publisher":{"@id":"https:\/\/www.aripisprecer.ro\/#organization"},"image":{"@id":"https:\/\/www.aripisprecer.ro\/2016\/11\/30\/asculta-cele-mai-frumoase-colinde\/#primaryimage"},"thumbnailUrl":"https:\/\/www.aripisprecer.ro\/upd\/2016\/11\/colinde_2016_2.jpg","inLanguage":"ro-RO"},{"@type":"WebPage","@id":"https:\/\/www.aripisprecer.ro\/2016\/11\/30\/asculta-cele-mai-frumoase-colinde\/","url":"https:\/\/www.aripisprecer.ro\/2016\/11\/30\/asculta-cele-mai-frumoase-colinde\/","name":"Ascult\u0103 cele mai frumoase colinde - Radio Crestin Aripi Spre Cer Online","isPartOf":{"@id":"https:\/\/www.aripisprecer.ro\/#website"},"primaryImageOfPage":{"@id":"https:\/\/www.aripisprecer.ro\/2016\/11\/30\/asculta-cele-mai-frumoase-colinde\/#primaryimage"},"image":{"@id":"https:\/\/www.aripisprecer.ro\/2016\/11\/30\/asculta-cele-mai-frumoase-colinde\/#primaryimage"},"thumbnailUrl":"https:\/\/www.aripisprecer.ro\/upd\/2016\/11\/colinde_2016_2.jpg","datePublished":"2016-11-30T17:04:15+00:00","dateModified":"2021-12-15T11:12:03+00:00","description":"Colinde crestine, radio crestin, predici, muzica crestina, craciun, nasterea Domnului, Betleem, iesle, Maria si iosif, pastori, magi, prunc, steaua","inLanguage":"ro-RO","potentialAction":[{"@type":"ReadAction","target":["https:\/\/www.aripisprecer.ro\/2016\/11\/30\/asculta-cele-mai-frumoase-colinde\/"]}]},{"@type":"ImageObject","inLanguage":"ro-RO","@id":"https:\/\/www.aripisprecer.ro\/2016\/11\/30\/asculta-cele-mai-frumoase-colinde\/#primaryimage","url":"https:\/\/www.aripisprecer.ro\/upd\/2016\/11\/colinde_2016_2.jpg","contentUrl":"https:\/\/www.aripisprecer.ro\/upd\/2016\/11\/colinde_2016_2.jpg","width":800,"height":600,"caption":"Colinde Radio Aripi Spre Cer Nasterea Domnului Isus Hristos"},{"@type":"WebSite","@id":"https:\/\/www.aripisprecer.ro\/#website","url":"https:\/\/www.aripisprecer.ro\/","name":"Radio Crestin Aripi Spre Cer Online","description":"Radio crestin online: muzica crestina, predici, mesaje biblice, emisiuni \u00een direct, preferin\u021be muzicale","publisher":{"@id":"https:\/\/www.aripisprecer.ro\/#organization"},"potentialAction":[{"@type":"SearchAction","target":{"@type":"EntryPoint","urlTemplate":"https:\/\/www.aripisprecer.ro\/?s={search_term_string}"},"query-input":{"@type":"PropertyValueSpecification","valueRequired":true,"valueName":"search_term_string"}}],"inLanguage":"ro-RO"},{"@type":"Organization","@id":"https:\/\/www.aripisprecer.ro\/#organization","name":"Radio Crestin Aripi Spre Cer Online","url":"https:\/\/www.aripisprecer.ro\/","logo":{"@type":"ImageObject","inLanguage":"ro-RO","@id":"https:\/\/www.aripisprecer.ro\/#\/schema\/logo\/image\/","url":"https:\/\/www.aripisprecer.ro\/upd\/2016\/09\/logo_aripi.png","contentUrl":"https:\/\/www.aripisprecer.ro\/upd\/2016\/09\/logo_aripi.png","width":330,"height":120,"caption":"Radio Crestin Aripi Spre Cer Online"},"image":{"@id":"https:\/\/www.aripisprecer.ro\/#\/schema\/logo\/image\/"},"sameAs":["https:\/\/www.facebook.com\/aripisprecer.ro\/","https:\/\/x.com\/RadioCrestin","https:\/\/www.youtube.com\/channel\/UCxDyeO_poUL1wxls-ToZP2Q"]},{"@type":"Person","@id":"https:\/\/www.aripisprecer.ro\/#\/schema\/person\/4e904cd8d1785e75305c26675f76b6fb","name":"marius C.","image":{"@type":"ImageObject","inLanguage":"ro-RO","@id":"https:\/\/www.aripisprecer.ro\/#\/schema\/person\/image\/","url":"https:\/\/www.aripisprecer.ro\/cnt\/litespeed\/avatar\/804141119451ee34b8e087654108c6c7.jpg?ver=1777437754","contentUrl":"https:\/\/www.aripisprecer.ro\/cnt\/litespeed\/avatar\/804141119451ee34b8e087654108c6c7.jpg?ver=1777437754","caption":"marius C."},"url":"https:\/\/www.aripisprecer.ro\/profil\/marius\/"}]}},"_links":{"self":[{"href":"https:\/\/www.aripisprecer.ro\/aripi-json\/wp\/v2\/posts\/3845","targetHints":{"allow":["GET"]}}],"collection":[{"href":"https:\/\/www.aripisprecer.ro\/aripi-json\/wp\/v2\/posts"}],"about":[{"href":"https:\/\/www.aripisprecer.ro\/aripi-json\/wp\/v2\/types\/post"}],"author":[{"embeddable":true,"href":"https:\/\/www.aripisprecer.ro\/aripi-json\/wp\/v2\/users\/1"}],"replies":[{"embeddable":true,"href":"https:\/\/www.aripisprecer.ro\/aripi-json\/wp\/v2\/comments?post=3845"}],"version-history":[{"count":14,"href":"https:\/\/www.aripisprecer.ro\/aripi-json\/wp\/v2\/posts\/3845\/revisions"}],"predecessor-version":[{"id":4241,"href":"https:\/\/www.aripisprecer.ro\/aripi-json\/wp\/v2\/posts\/3845\/revisions\/4241"}],"wp:featuredmedia":[{"embeddable":true,"href":"https:\/\/www.aripisprecer.ro\/aripi-json\/wp\/v2\/media\/3860"}],"wp:attachment":[{"href":"https:\/\/www.aripisprecer.ro\/aripi-json\/wp\/v2\/media?parent=3845"}],"wp:term":[{"taxonomy":"category","embeddable":true,"href":"https:\/\/www.aripisprecer.ro\/aripi-json\/wp\/v2\/categories?post=3845"},{"taxonomy":"post_tag","embeddable":true,"href":"https:\/\/www.aripisprecer.ro\/aripi-json\/wp\/v2\/tags?post=3845"}],"curies":[{"name":"wp","href":"https:\/\/api.w.org\/{rel}","templated":true}]}}