{"id":4642,"date":"2021-01-09T19:07:22","date_gmt":"2021-01-09T17:07:22","guid":{"rendered":"https:\/\/www.aripisprecer.ro\/?p=4642"},"modified":"2021-12-15T13:11:27","modified_gmt":"2021-12-15T11:11:27","slug":"inima","status":"publish","type":"post","link":"https:\/\/www.aripisprecer.ro\/2021\/01\/09\/inima\/","title":{"rendered":"P\u0103ze\u0219te inima ta&#8230;."},"content":{"rendered":"\n<h4><img decoding=\"async\" class=\"wp-image-4639 alignnone\" src=\"https:\/\/www.aripisprecer.ro\/upd\/2021\/01\/Silhouette-Design-Store_-Religious-Heart-Beat.jpg\" alt=\"inima\" width=\"246\" height=\"246\"><\/h4>\n<h4>De ce te temi? De ce \u00ee\u021bi este inima tremur\u00e2nd\u0103!?<\/h4>\n<p>P\u0103ze\u0219te inima ta&#8230;. \u0218tiu, ultima perioad\u0103 nu a fost deloc u\u0219oar\u0103, \u0219tirile circul\u0103, oamenii se fr\u0103m\u00e2nt\u0103, g\u00e2ndurile te strivesc. Inima ta cum mai e? Mai \u0219tii ce e cu ea? Mai \u0219tii ce mai face? Cred c\u0103 ai inundat-o cam mult cu g\u00e2ndurile tale, cu g\u00e2ndurile altora. Are nevoie de ni\u0219te oxigen. Dac\u0103 am \u00eenv\u0103\u021bat ceva zilele acestea este ca tu po\u021bi, ca tu \u0219i eu suntem capabili s\u0103 ne p\u0103zim inima de r\u0103u.<\/p>\n<p>\u00ce\u021bi dai seama? <strong>Noi suntem p\u0103zitorii Inimii noastre<\/strong>. Dac\u0103 intr\u0103 ceva r\u0103u la ea, noi suntem responsabili. \u0218i da, d\u0103m socoteal\u0103&#8230; Pace nu, credin\u021b\u0103 nu, speran\u021b\u0103 nu&#8230; \u0218i de ce? Pentru c\u0103 am a\u021bipit c\u00e2nd g\u00e2ndurile f\u0103ceau coad\u0103 s\u0103 intre \u00een inima&nbsp; noastr\u0103. Te-ai g\u00e2ndit vreodat\u0103 c\u0103 Inima e ce ai tu mai de pre\u021b? Acum e timpul s\u0103 o luam \u00een serios. Ce \u00eei dai, aceea produce. \u00cei dai pace, ai pace, \u00eei dai \u00eengrijor\u0103ri, revars\u0103 \u00eengrijor\u0103ri. E at\u00e2t de simplu! Totul st\u0103 la tine. Cineva \u00eemi spunea, ai m\u00e2ini, folose\u0219te-le. Da, chiar am m\u00e2ini, chiar ai m\u00e2ini. Pune-le \u00een urechi ca s\u0103 nu mai auzi nimic.<\/p>\n<h4>\u201eP\u0103ze\u0219te-\u021bi inima mai mult dec\u00e2t orice, c\u0103ci din ea ies izvoarele vie\u021bii.\u201d(Proverbe 4:23)<\/h4>\n<p>P\u0103ze\u0219te inima! Tu. Da, chiar tu. Ai primit acest rol at\u00e2t de important. Nu uita, un g\u00e2nd intrat pe furi\u0219, va da palpita\u021bii de ne\u00eenchipuit.<\/p>\n<p>E timpul s\u0103 ne trezim. Suntem paznicii Inimii noastre. Nu lasa s\u0103 intre ho\u021bul s\u0103 distrug\u0103 ce ai s\u0103dit \u00een ea! Nu uita c\u0103 paznicii nu dorm.<\/p>\n<p>\u00cencepe de acum. Nu te teme de ce auzi, de ce vezi. Tu e\u0219ti propria ta oaz\u0103 de lini\u0219te. Dac\u0103 inima ta e p\u0103zit\u0103 a\u0219a cum trebuie, vor creste plante sfinte, din Dumnezeu. Vor curge izvoarele vie\u021bii.<\/p>\n<p>Izvoarele curg de la o surs\u0103. Dac\u0103 \u00een sursa vie\u021bii tale ai s\u0103pate \u00eengrijor\u0103ri, cu siguran\u021b\u0103 vor curge \u0219uvoaie de \u00eengrijor\u0103ri din tine. Ast\u0103zi, alege s\u0103 plantezi \u00een tine pace, lini\u0219te, c\u00e2te pu\u021bin din Cer \u00een fiecare zi, ca apoi s\u0103 curg\u0103 din tine acele izvoare ale vie\u021bii.<\/p>\n<p>Suflet drag, p\u0103ze\u0219te inima ta, o inim\u0103 care este at\u00e2t de pre\u021bioas\u0103!<\/p>\n<p>Po\u0163i citi \u015fi articolul anterior <a href=\"https:\/\/www.aripisprecer.ro\/2020\/11\/05\/radio-crestin-online-aripi-spre-cer\/\">aici<\/a>!<\/p>\n<p>Urm\u0103re\u015fte-ne pe Facebook pentru a afla <a href=\"https:\/\/www.facebook.com\/aripisprecer.ro\">nout\u0103\u0163i!<\/a><\/p>\n","protected":false},"excerpt":{"rendered":"<p>De ce te temi? De ce \u00ee\u021bi este inima tremur\u00e2nd\u0103!?<\/p>\n<p>P\u0103ze\u0219te inima ta&#8230;. \u0218tiu, ultima perioad\u0103 nu a fost deloc u\u0219oar\u0103, \u0219tirile circul\u0103, oamenii se fr\u0103m\u00e2nt\u0103, g\u00e2ndurile te strivesc. Inima ta cum mai e? Mai \u0219tii ce e cu ea? Mai \u0219tii ce mai face? Cred c\u0103 ai inundat-o cam mult cu g\u00e2ndurile tale, cu g\u00e2ndurile altora. Are nevoie de ni\u0219te oxigen. Dac\u0103 am \u00eenv\u0103\u021bat ceva zilele acestea este ca tu po\u021bi, ca tu \u0219i eu suntem capabili s\u0103 ne p\u0103zim inima de r\u0103u.<\/p>\n","protected":false},"author":184,"featured_media":4639,"comment_status":"closed","ping_status":"open","sticky":false,"template":"","format":"standard","meta":{"footnotes":""},"categories":[1],"tags":[],"class_list":["post-4642","post","type-post","status-publish","format-standard","has-post-thumbnail","hentry","category-fara-categorie"],"yoast_head":"<!-- This site is optimized with the Yoast SEO Premium plugin v22.3 (Yoast SEO v27.1.1) - https:\/\/yoast.com\/product\/yoast-seo-premium-wordpress\/ -->\n<title>P\u0103ze\u0219te inima ta.... - Radio Crestin Aripi Spre Cer Online<\/title>\n<meta name=\"description\" content=\"\u00ce\u021bi dai seama? Noi suntem p\u0103zitorii Inimii noastre. Dac\u0103 intr\u0103 ceva r\u0103u la ea, noi suntem responsabili. P\u0103ze\u015fte inima ta.\" \/>\n<meta name=\"robots\" content=\"index, follow, max-snippet:-1, max-image-preview:large, max-video-preview:-1\" \/>\n<link rel=\"canonical\" href=\"https:\/\/www.aripisprecer.ro\/2021\/01\/09\/inima\/\" \/>\n<meta property=\"og:locale\" content=\"ro_RO\" \/>\n<meta property=\"og:type\" content=\"article\" \/>\n<meta property=\"og:title\" content=\"P\u0103ze\u0219te inima ta.... - Radio Crestin Aripi Spre Cer Online\" \/>\n<meta property=\"og:description\" content=\"\u00ce\u021bi dai seama? Noi suntem p\u0103zitorii Inimii noastre. Dac\u0103 intr\u0103 ceva r\u0103u la ea, noi suntem responsabili. P\u0103ze\u015fte inima ta.\" \/>\n<meta property=\"og:url\" content=\"https:\/\/www.aripisprecer.ro\/2021\/01\/09\/inima\/\" \/>\n<meta property=\"og:site_name\" content=\"Radio Crestin Aripi Spre Cer Online\" \/>\n<meta property=\"article:publisher\" content=\"https:\/\/www.facebook.com\/aripisprecer.ro\/\" \/>\n<meta property=\"article:published_time\" content=\"2021-01-09T17:07:22+00:00\" \/>\n<meta property=\"article:modified_time\" content=\"2021-12-15T11:11:27+00:00\" \/>\n<meta property=\"og:image\" content=\"https:\/\/www.aripisprecer.ro\/upd\/2021\/01\/Silhouette-Design-Store_-Religious-Heart-Beat.jpg\" \/>\n\t<meta property=\"og:image:width\" content=\"300\" \/>\n\t<meta property=\"og:image:height\" content=\"300\" \/>\n\t<meta property=\"og:image:type\" content=\"image\/jpeg\" \/>\n<meta name=\"author\" content=\"Laura Dobrin\" \/>\n<meta name=\"twitter:card\" content=\"summary_large_image\" \/>\n<meta name=\"twitter:creator\" content=\"@RadioCrestin\" \/>\n<meta name=\"twitter:site\" content=\"@RadioCrestin\" \/>\n<meta name=\"twitter:label1\" content=\"Scris de\" \/>\n\t<meta name=\"twitter:data1\" content=\"Laura Dobrin\" \/>\n\t<meta name=\"twitter:label2\" content=\"Timp estimat pentru citire\" \/>\n\t<meta name=\"twitter:data2\" content=\"2 minute\" \/>\n<script type=\"application\/ld+json\" class=\"yoast-schema-graph\">{\"@context\":\"https:\/\/schema.org\",\"@graph\":[{\"@type\":\"Article\",\"@id\":\"https:\/\/www.aripisprecer.ro\/2021\/01\/09\/inima\/#article\",\"isPartOf\":{\"@id\":\"https:\/\/www.aripisprecer.ro\/2021\/01\/09\/inima\/\"},\"author\":{\"name\":\"Laura Dobrin\",\"@id\":\"https:\/\/www.aripisprecer.ro\/#\/schema\/person\/2a7d4edd868a6c5db36605715826dc4f\"},\"headline\":\"P\u0103ze\u0219te inima ta&#8230;.\",\"datePublished\":\"2021-01-09T17:07:22+00:00\",\"dateModified\":\"2021-12-15T11:11:27+00:00\",\"mainEntityOfPage\":{\"@id\":\"https:\/\/www.aripisprecer.ro\/2021\/01\/09\/inima\/\"},\"wordCount\":438,\"publisher\":{\"@id\":\"https:\/\/www.aripisprecer.ro\/#organization\"},\"image\":{\"@id\":\"https:\/\/www.aripisprecer.ro\/2021\/01\/09\/inima\/#primaryimage\"},\"thumbnailUrl\":\"https:\/\/www.aripisprecer.ro\/upd\/2021\/01\/Silhouette-Design-Store_-Religious-Heart-Beat.jpg\",\"inLanguage\":\"ro-RO\"},{\"@type\":\"WebPage\",\"@id\":\"https:\/\/www.aripisprecer.ro\/2021\/01\/09\/inima\/\",\"url\":\"https:\/\/www.aripisprecer.ro\/2021\/01\/09\/inima\/\",\"name\":\"P\u0103ze\u0219te inima ta.... - Radio Crestin Aripi Spre Cer Online\",\"isPartOf\":{\"@id\":\"https:\/\/www.aripisprecer.ro\/#website\"},\"primaryImageOfPage\":{\"@id\":\"https:\/\/www.aripisprecer.ro\/2021\/01\/09\/inima\/#primaryimage\"},\"image\":{\"@id\":\"https:\/\/www.aripisprecer.ro\/2021\/01\/09\/inima\/#primaryimage\"},\"thumbnailUrl\":\"https:\/\/www.aripisprecer.ro\/upd\/2021\/01\/Silhouette-Design-Store_-Religious-Heart-Beat.jpg\",\"datePublished\":\"2021-01-09T17:07:22+00:00\",\"dateModified\":\"2021-12-15T11:11:27+00:00\",\"description\":\"\u00ce\u021bi dai seama? Noi suntem p\u0103zitorii Inimii noastre. Dac\u0103 intr\u0103 ceva r\u0103u la ea, noi suntem responsabili. P\u0103ze\u015fte inima ta.\",\"inLanguage\":\"ro-RO\",\"potentialAction\":[{\"@type\":\"ReadAction\",\"target\":[\"https:\/\/www.aripisprecer.ro\/2021\/01\/09\/inima\/\"]}]},{\"@type\":\"ImageObject\",\"inLanguage\":\"ro-RO\",\"@id\":\"https:\/\/www.aripisprecer.ro\/2021\/01\/09\/inima\/#primaryimage\",\"url\":\"https:\/\/www.aripisprecer.ro\/upd\/2021\/01\/Silhouette-Design-Store_-Religious-Heart-Beat.jpg\",\"contentUrl\":\"https:\/\/www.aripisprecer.ro\/upd\/2021\/01\/Silhouette-Design-Store_-Religious-Heart-Beat.jpg\",\"width\":300,\"height\":300,\"caption\":\"inima\"},{\"@type\":\"WebSite\",\"@id\":\"https:\/\/www.aripisprecer.ro\/#website\",\"url\":\"https:\/\/www.aripisprecer.ro\/\",\"name\":\"Radio Crestin Aripi Spre Cer Online\",\"description\":\"Radio crestin online: muzica crestina, predici, mesaje biblice, emisiuni \u00een direct, preferin\u021be muzicale\",\"publisher\":{\"@id\":\"https:\/\/www.aripisprecer.ro\/#organization\"},\"potentialAction\":[{\"@type\":\"SearchAction\",\"target\":{\"@type\":\"EntryPoint\",\"urlTemplate\":\"https:\/\/www.aripisprecer.ro\/?s={search_term_string}\"},\"query-input\":{\"@type\":\"PropertyValueSpecification\",\"valueRequired\":true,\"valueName\":\"search_term_string\"}}],\"inLanguage\":\"ro-RO\"},{\"@type\":\"Organization\",\"@id\":\"https:\/\/www.aripisprecer.ro\/#organization\",\"name\":\"Radio Crestin Aripi Spre Cer Online\",\"url\":\"https:\/\/www.aripisprecer.ro\/\",\"logo\":{\"@type\":\"ImageObject\",\"inLanguage\":\"ro-RO\",\"@id\":\"https:\/\/www.aripisprecer.ro\/#\/schema\/logo\/image\/\",\"url\":\"https:\/\/www.aripisprecer.ro\/upd\/2016\/09\/logo_aripi.png\",\"contentUrl\":\"https:\/\/www.aripisprecer.ro\/upd\/2016\/09\/logo_aripi.png\",\"width\":330,\"height\":120,\"caption\":\"Radio Crestin Aripi Spre Cer Online\"},\"image\":{\"@id\":\"https:\/\/www.aripisprecer.ro\/#\/schema\/logo\/image\/\"},\"sameAs\":[\"https:\/\/www.facebook.com\/aripisprecer.ro\/\",\"https:\/\/x.com\/RadioCrestin\",\"https:\/\/www.youtube.com\/channel\/UCxDyeO_poUL1wxls-ToZP2Q\"]},{\"@type\":\"Person\",\"@id\":\"https:\/\/www.aripisprecer.ro\/#\/schema\/person\/2a7d4edd868a6c5db36605715826dc4f\",\"name\":\"Laura Dobrin\",\"image\":{\"@type\":\"ImageObject\",\"inLanguage\":\"ro-RO\",\"@id\":\"https:\/\/www.aripisprecer.ro\/#\/schema\/person\/image\/\",\"url\":\"https:\/\/www.aripisprecer.ro\/cnt\/litespeed\/avatar\/3d8cb5212360e82cdc7951b5bf95e33f.jpg?ver=1777302833\",\"contentUrl\":\"https:\/\/www.aripisprecer.ro\/cnt\/litespeed\/avatar\/3d8cb5212360e82cdc7951b5bf95e33f.jpg?ver=1777302833\",\"caption\":\"Laura Dobrin\"},\"url\":\"https:\/\/www.aripisprecer.ro\/profil\/laura\/\"}]}<\/script>\n<!-- \/ Yoast SEO Premium plugin. -->","yoast_head_json":{"title":"P\u0103ze\u0219te inima ta.... - Radio Crestin Aripi Spre Cer Online","description":"\u00ce\u021bi dai seama? Noi suntem p\u0103zitorii Inimii noastre. Dac\u0103 intr\u0103 ceva r\u0103u la ea, noi suntem responsabili. P\u0103ze\u015fte inima ta.","robots":{"index":"index","follow":"follow","max-snippet":"max-snippet:-1","max-image-preview":"max-image-preview:large","max-video-preview":"max-video-preview:-1"},"canonical":"https:\/\/www.aripisprecer.ro\/2021\/01\/09\/inima\/","og_locale":"ro_RO","og_type":"article","og_title":"P\u0103ze\u0219te inima ta.... - Radio Crestin Aripi Spre Cer Online","og_description":"\u00ce\u021bi dai seama? Noi suntem p\u0103zitorii Inimii noastre. Dac\u0103 intr\u0103 ceva r\u0103u la ea, noi suntem responsabili. P\u0103ze\u015fte inima ta.","og_url":"https:\/\/www.aripisprecer.ro\/2021\/01\/09\/inima\/","og_site_name":"Radio Crestin Aripi Spre Cer Online","article_publisher":"https:\/\/www.facebook.com\/aripisprecer.ro\/","article_published_time":"2021-01-09T17:07:22+00:00","article_modified_time":"2021-12-15T11:11:27+00:00","og_image":[{"width":300,"height":300,"url":"https:\/\/www.aripisprecer.ro\/upd\/2021\/01\/Silhouette-Design-Store_-Religious-Heart-Beat.jpg","type":"image\/jpeg"}],"author":"Laura Dobrin","twitter_card":"summary_large_image","twitter_creator":"@RadioCrestin","twitter_site":"@RadioCrestin","twitter_misc":{"Scris de":"Laura Dobrin","Timp estimat pentru citire":"2 minute"},"schema":{"@context":"https:\/\/schema.org","@graph":[{"@type":"Article","@id":"https:\/\/www.aripisprecer.ro\/2021\/01\/09\/inima\/#article","isPartOf":{"@id":"https:\/\/www.aripisprecer.ro\/2021\/01\/09\/inima\/"},"author":{"name":"Laura Dobrin","@id":"https:\/\/www.aripisprecer.ro\/#\/schema\/person\/2a7d4edd868a6c5db36605715826dc4f"},"headline":"P\u0103ze\u0219te inima ta&#8230;.","datePublished":"2021-01-09T17:07:22+00:00","dateModified":"2021-12-15T11:11:27+00:00","mainEntityOfPage":{"@id":"https:\/\/www.aripisprecer.ro\/2021\/01\/09\/inima\/"},"wordCount":438,"publisher":{"@id":"https:\/\/www.aripisprecer.ro\/#organization"},"image":{"@id":"https:\/\/www.aripisprecer.ro\/2021\/01\/09\/inima\/#primaryimage"},"thumbnailUrl":"https:\/\/www.aripisprecer.ro\/upd\/2021\/01\/Silhouette-Design-Store_-Religious-Heart-Beat.jpg","inLanguage":"ro-RO"},{"@type":"WebPage","@id":"https:\/\/www.aripisprecer.ro\/2021\/01\/09\/inima\/","url":"https:\/\/www.aripisprecer.ro\/2021\/01\/09\/inima\/","name":"P\u0103ze\u0219te inima ta.... - Radio Crestin Aripi Spre Cer Online","isPartOf":{"@id":"https:\/\/www.aripisprecer.ro\/#website"},"primaryImageOfPage":{"@id":"https:\/\/www.aripisprecer.ro\/2021\/01\/09\/inima\/#primaryimage"},"image":{"@id":"https:\/\/www.aripisprecer.ro\/2021\/01\/09\/inima\/#primaryimage"},"thumbnailUrl":"https:\/\/www.aripisprecer.ro\/upd\/2021\/01\/Silhouette-Design-Store_-Religious-Heart-Beat.jpg","datePublished":"2021-01-09T17:07:22+00:00","dateModified":"2021-12-15T11:11:27+00:00","description":"\u00ce\u021bi dai seama? Noi suntem p\u0103zitorii Inimii noastre. Dac\u0103 intr\u0103 ceva r\u0103u la ea, noi suntem responsabili. P\u0103ze\u015fte inima ta.","inLanguage":"ro-RO","potentialAction":[{"@type":"ReadAction","target":["https:\/\/www.aripisprecer.ro\/2021\/01\/09\/inima\/"]}]},{"@type":"ImageObject","inLanguage":"ro-RO","@id":"https:\/\/www.aripisprecer.ro\/2021\/01\/09\/inima\/#primaryimage","url":"https:\/\/www.aripisprecer.ro\/upd\/2021\/01\/Silhouette-Design-Store_-Religious-Heart-Beat.jpg","contentUrl":"https:\/\/www.aripisprecer.ro\/upd\/2021\/01\/Silhouette-Design-Store_-Religious-Heart-Beat.jpg","width":300,"height":300,"caption":"inima"},{"@type":"WebSite","@id":"https:\/\/www.aripisprecer.ro\/#website","url":"https:\/\/www.aripisprecer.ro\/","name":"Radio Crestin Aripi Spre Cer Online","description":"Radio crestin online: muzica crestina, predici, mesaje biblice, emisiuni \u00een direct, preferin\u021be muzicale","publisher":{"@id":"https:\/\/www.aripisprecer.ro\/#organization"},"potentialAction":[{"@type":"SearchAction","target":{"@type":"EntryPoint","urlTemplate":"https:\/\/www.aripisprecer.ro\/?s={search_term_string}"},"query-input":{"@type":"PropertyValueSpecification","valueRequired":true,"valueName":"search_term_string"}}],"inLanguage":"ro-RO"},{"@type":"Organization","@id":"https:\/\/www.aripisprecer.ro\/#organization","name":"Radio Crestin Aripi Spre Cer Online","url":"https:\/\/www.aripisprecer.ro\/","logo":{"@type":"ImageObject","inLanguage":"ro-RO","@id":"https:\/\/www.aripisprecer.ro\/#\/schema\/logo\/image\/","url":"https:\/\/www.aripisprecer.ro\/upd\/2016\/09\/logo_aripi.png","contentUrl":"https:\/\/www.aripisprecer.ro\/upd\/2016\/09\/logo_aripi.png","width":330,"height":120,"caption":"Radio Crestin Aripi Spre Cer Online"},"image":{"@id":"https:\/\/www.aripisprecer.ro\/#\/schema\/logo\/image\/"},"sameAs":["https:\/\/www.facebook.com\/aripisprecer.ro\/","https:\/\/x.com\/RadioCrestin","https:\/\/www.youtube.com\/channel\/UCxDyeO_poUL1wxls-ToZP2Q"]},{"@type":"Person","@id":"https:\/\/www.aripisprecer.ro\/#\/schema\/person\/2a7d4edd868a6c5db36605715826dc4f","name":"Laura Dobrin","image":{"@type":"ImageObject","inLanguage":"ro-RO","@id":"https:\/\/www.aripisprecer.ro\/#\/schema\/person\/image\/","url":"https:\/\/www.aripisprecer.ro\/cnt\/litespeed\/avatar\/3d8cb5212360e82cdc7951b5bf95e33f.jpg?ver=1777302833","contentUrl":"https:\/\/www.aripisprecer.ro\/cnt\/litespeed\/avatar\/3d8cb5212360e82cdc7951b5bf95e33f.jpg?ver=1777302833","caption":"Laura Dobrin"},"url":"https:\/\/www.aripisprecer.ro\/profil\/laura\/"}]}},"_links":{"self":[{"href":"https:\/\/www.aripisprecer.ro\/aripi-json\/wp\/v2\/posts\/4642","targetHints":{"allow":["GET"]}}],"collection":[{"href":"https:\/\/www.aripisprecer.ro\/aripi-json\/wp\/v2\/posts"}],"about":[{"href":"https:\/\/www.aripisprecer.ro\/aripi-json\/wp\/v2\/types\/post"}],"author":[{"embeddable":true,"href":"https:\/\/www.aripisprecer.ro\/aripi-json\/wp\/v2\/users\/184"}],"replies":[{"embeddable":true,"href":"https:\/\/www.aripisprecer.ro\/aripi-json\/wp\/v2\/comments?post=4642"}],"version-history":[{"count":26,"href":"https:\/\/www.aripisprecer.ro\/aripi-json\/wp\/v2\/posts\/4642\/revisions"}],"predecessor-version":[{"id":5017,"href":"https:\/\/www.aripisprecer.ro\/aripi-json\/wp\/v2\/posts\/4642\/revisions\/5017"}],"wp:featuredmedia":[{"embeddable":true,"href":"https:\/\/www.aripisprecer.ro\/aripi-json\/wp\/v2\/media\/4639"}],"wp:attachment":[{"href":"https:\/\/www.aripisprecer.ro\/aripi-json\/wp\/v2\/media?parent=4642"}],"wp:term":[{"taxonomy":"category","embeddable":true,"href":"https:\/\/www.aripisprecer.ro\/aripi-json\/wp\/v2\/categories?post=4642"},{"taxonomy":"post_tag","embeddable":true,"href":"https:\/\/www.aripisprecer.ro\/aripi-json\/wp\/v2\/tags?post=4642"}],"curies":[{"name":"wp","href":"https:\/\/api.w.org\/{rel}","templated":true}]}}