{"id":5104,"date":"2021-07-30T14:39:40","date_gmt":"2021-07-30T12:39:40","guid":{"rendered":"https:\/\/www.aripisprecer.ro\/?p=5104"},"modified":"2021-12-15T13:10:37","modified_gmt":"2021-12-15T11:10:37","slug":"cap-de-familie","status":"publish","type":"post","link":"https:\/\/www.aripisprecer.ro\/2021\/07\/30\/cap-de-familie\/","title":{"rendered":"4 caracteristici ale unui Cap de Familie"},"content":{"rendered":"\n<p><span style=\"color: #808000;\"><strong>Dup\u0103 r\u00e2nduiala l\u0103sat\u0103 de Dumnezeu cu privire la familie, b\u0103rbatul ocup\u0103 rolul de Cap de Familie, fiind \u00eenzestrat cu capacit\u0103\u021bi de conducere aparte, care pot conduce casa \u0219i membrii ei c\u0103tre \u00eemplinire.<\/strong><\/span><\/p>\n<p>Desigur c\u0103 societatea din ziua de ast\u0103zi a l\u0103sat deoparte legea lui Dumnezeu \u0219i s-a concentrat pe alte curente care minimalizeaz\u0103 rolul unui Cap de Familie. Acestea l-au transformat \u00eentr-un simplu participant la via\u021ba de zi cu zi.<\/p>\n<p>Feminismul a prins r\u0103d\u0103cini u\u0219or, u\u0219or prelu\u00e2nd c\u00e2rma&nbsp; \u0219i descotorosindu-l pe b\u0103rbat de atribu\u021biile pe care i le-a l\u0103sat Dumnezeu.<\/p>\n<p>Egocentrismul cu care s-a \u00eembr\u0103cat lumea nu mai accept\u0103 viziunea ierarhiei Genesei. Mai degrab\u0103 proclam\u0103 o lume \u00een care oricine poate face ce vrea \u0219i cum vrea.<\/p>\n<h4><span style=\"color: #808000;\">\u00cens\u0103, Dumnezeu spune \u00een Cuv\u00e2ntul S\u0103u \u00een mod clar care este r\u00e2nduiala Sa:<\/span><\/h4>\n<blockquote>\n<p><span style=\"color: #808000;\">\u201eDar vreau s\u0103 \u0219ti\u021bi c\u0103 Hristos este Capul oric\u0103rui b\u0103rbat; c\u0103 b\u0103rbatul este capul femeii \u0219i c\u0103 Dumnezeu este capul lui Hristos.\u201d 1 Corinteni 11:3<\/span><\/p>\n<\/blockquote>\n<p>A\u0219adar, Dumnezeu \u00een \u00een\u021belepciunea Sa L-a l\u0103sat pe Hristos Cap al b\u0103rbatului, pe b\u0103rbat cap al femeii \u0219i al familiei \u0219i \u00eempreun\u0103 slujitori ai lui Dumnezeu.<\/p>\n<p>Acest lucru nu \u00eenseamn\u0103 c\u0103 femeia este nedrept\u0103\u021bit\u0103, ci dimpotriv\u0103 ea este Ajutorul Potrivit.&nbsp; Ea a fost l\u0103sat\u0103 s\u0103 \u00eel ajute pe b\u0103rbat \u00een \u00eemplinirea voii lui Dumnezeu, devenind \u00eempreun\u0103 complici \u00een instaurarea \u00cemp\u0103r\u0103\u021biei lui Dumnezeu pe p\u0103m\u00e2nt.<\/p>\n<p>Un Cap de Familie este prezentat \u00een Sf\u00e2nta Scriptur\u0103 av\u00e2nd diferite atribu\u021bii \u0219i responsabilit\u0103\u021bi esen\u021biale. Pe baza acestora, am indentificat 4 caracteristici ale unui Cap de Familie dup\u0103 inima lui Dumnezeu:<\/p>\n<p><strong><span style=\"color: #808000;\">1. S\u0103 \u00een\u021beleag\u0103 rolul pe care i l-a l\u0103sat Dumnezeu<\/span>&nbsp;<\/strong> &nbsp; &nbsp; &nbsp; &nbsp; &nbsp; &nbsp; &nbsp;<\/p>\n<blockquote>\n<p><span style=\"color: #808000;\">\u201eNevestelor, fi\u021bi supuse b\u0103rba\u021bilor vo\u0219tri ca Domnului; c\u0103ci b\u0103rbatul este <span style=\"text-decoration: underline;\">capul nevestei,<\/span> dup\u0103 cum \u0219i Cristos este Capul Bisericii.\u201d Efeseni 5:22<\/span><\/p>\n<\/blockquote>\n<p>Este clar c\u0103 b\u0103rbatul este capul nevestei sale, fie c\u0103 accept\u0103m sau nu.&nbsp;<\/p>\n<p>Dar ce \u00eenseamn\u0103 a fi cap? Cred c\u0103 Biblia este clar\u0103 cu privire la acest aspect, f\u0103c\u00e2nd o compara\u021bie nemaipomenit\u0103:&nbsp; <em>b\u0103rbatul este capul nevestei dup\u0103 cum \u0219i Cristos este Capul Bisericii.<\/em><\/p>\n<h4><span style=\"color: #808000;\">Astfel, un Cap de Familie trebuie s\u0103 \u00een\u021beleag\u0103 c\u0103 este chemat s\u0103 se asemene cu Hristos \u00een rela\u021bia Sa cu Biserica.<\/span><\/h4>\n<p>Hristos este Cap al Bisericii pentru c\u0103 a condus-o c\u0103tre Dumnezeu, a \u00eemp\u0103cat-o cu Cerul. Mai mult de at\u00e2t, El a murit pentru ea, preg\u0103tindu-i un loc \u00een Eternitate.<\/p>\n<p>Un Cap de Familie trebuie s\u0103 se comporte ca Hristos, s\u0103 \u00ee\u0219i conduc\u0103 familia c\u0103tre via\u021ba ve\u0219nic\u0103, chiar dac\u0103 asta l-ar costa pre\u021bul vie\u021bii. S\u0103 o iubeasc\u0103 a\u0219a de mult \u00eenc\u00e2t s\u0103 nu lase ca diavolul s\u0103 p\u0103trund\u0103 \u00een interiorul ei, spun\u00e2nd la fel ca Hristos: <em>\u00cenapoia mea, Satano!<\/em><\/p>\n<p><span style=\"color: #808000;\"><strong>2. S\u0103 nu fac\u0103 abuz de putere<\/strong><\/span><\/p>\n<p>Un b\u0103rbat care iube\u0219te legea Domnului va \u00een\u021belege c\u0103 rolul lui <span style=\"text-decoration: underline;\">nu<\/span> este unul de dictator, f\u0103c\u00e2nd din familia lui un loc al terorii. Este un conduc\u0103tor care alege s\u0103 comunice cu membrii familiei sale. \u00cei l\u0103s\u0103 s\u0103-i fie colegi \u00een \u00eemplinirea voii lui Dumnezeu \u00een lume.<\/p>\n<p>\u00cen calitatea sa de Cap de Familie va proceda la fel ca Hristos. Nu va avea o p\u0103rere mai \u00eenalt\u0103 despre sine dec\u00e2t se cuvine, va sluji al\u0103turi de cei din casa lui. \u00cei va sus\u021bine \u00een acele mai mici lucruri, ar\u0103t\u00e2ndu-le dragoste.<\/p>\n<p><span style=\"color: #808000;\"><strong>3. S\u0103 conduc\u0103 familia c\u0103tre prosperitate spiritual\u0103<\/strong><\/span><\/p>\n<p>Fiind Cap de Familie, b\u0103rbatul are marea responsabilitate de a se preocupa de via\u021ba spiritual\u0103 a so\u021biei \u0219i a copiilor lui. El trebuie s\u0103 priveasc\u0103 atent la tr\u0103irea familiei sale \u0219i s\u0103 \u00eei \u00eendrepte aten\u021bia c\u0103tre Cuv\u00e2ntul lui Dumnezeu.<\/p>\n<blockquote>\n<p><span style=\"color: #808000;\">\u201eB\u0103rbatul este \u00eemp\u0103rat la el acas\u0103 doar atunci c\u00e2nd deschide Biblia \u00een fiecare zi \u0219i cite\u0219te familiei sale din ea, apoi se roag\u0103 \u00eempreun\u0103.\u201d &#8211; Anonim<\/span><\/p>\n<\/blockquote>\n<p>Mare responsabilitate are Capul! El trebuie s\u0103 \u00eenve\u021be s\u0103 fie \u00eemp\u0103rat iubind Cartea pe care a l\u0103sat-o Dumnezeu, invit\u00e2ndu-\u0219i familia s\u0103 cunoasc\u0103 \u0219i s\u0103 aplice Cuvintele Sfinte.&nbsp;<\/p>\n<p>El \u0219tie c\u0103 rug\u0103ciunea une\u0219te \u0219i va avea grij\u0103 ca \u00een fiecare zi s\u0103 se uneasc\u0103 cu familia \u00een rug\u0103ciune.<\/p>\n<h4><span style=\"color: #808000;\">Un adev\u0103rat conduc\u0103tor conduce mai \u00eent\u00e2i c\u0103tre prosperitate spiritual\u0103, abia apoi c\u0103tre cea material\u0103.<\/span><\/h4>\n<p><strong><span style=\"color: #808000;\">4. S\u0103 \u00ee\u0219i iubeasc\u0103 so\u021bia \u0219i copiii<\/span><\/strong><\/p>\n<blockquote>\n<p><span style=\"color: #808000;\">\u201e<span id=\"ro-RMNN-29330\" class=\"text Eph-5-25\">B\u0103rba\u0163ilor, iubi\u0163i-v\u0103 nevestele cum a iubit \u015fi Hristos Biserica \u015fi S-a&nbsp;dat pe Sine pentru ea,<\/span>&nbsp;<span id=\"ro-RMNN-29331\" class=\"text Eph-5-26\">ca s-o sfin\u0163easc\u0103, dup\u0103 ce a cur\u0103\u0163it-o prin&nbsp;botezul cu ap\u0103 prin Cuv\u00e2nt<\/span>\u201d Efeseni 5: 25,26<\/span><\/p>\n<\/blockquote>\n<p>Hristos a iubit Biserica at\u00e2t de mult \u00eenc\u00e2t a purtat toate p\u0103catele ei pe o cruce, fiind p\u0103r\u0103sit de Dumnezeu pentru un timp. A iubit-o pentru c\u0103 a \u00eenviat, a adus Duhul Sf\u00e2nt \u0219i o dore\u0219te sus la Dreapta Tat\u0103lui.<\/p>\n<h4><span style=\"color: #808000;\">Un Cap de Familie dup\u0103 inima lui Dumnezeu \u00ee\u0219i va iubi so\u021bia \u0219i copiii la fel ca Hristos. Va c\u0103uta binele lor, \u00eei va pune mai presus ca orice prieten, job, rud\u0103 \u0219i se va sacrifica de dragul lor.<\/span><\/h4>\n<p>El va fi mai cur\u00e2nd preocupat de ce se petrece cu familia lui, ascult\u00e2ndu-i, sf\u0103tuindu-i \u0219i fiindu-le sprijin \u00een necaz. Se va lupta \u00een rug\u0103ciune pentru ei \u0219i \u00eei va ridica cu dragoste.<\/p>\n<p>Un Cap de Familie dup\u0103 inima lui Dumnezeu \u00ee\u0219i ia in serios rolul pe i care l-a l\u0103sat Dumnezeu \u0219i nu renun\u021b\u0103 la lupt\u0103. C<em>\u0103ci chiar dac\u0103 va c\u0103dea, va avea puterea s\u0103 se ridice de \u0219apte ori.<\/em><\/p>\n<ul>\n<li>Dac\u0103 v-a \u00eencurajat acest articol, pute\u021bi citi \u0219i articolul <a href=\"https:\/\/www.aripisprecer.ro\/2021\/07\/27\/timpul-tau-cu-dumnezeu\/\">Timpul t\u0103u.<\/a><\/li>\n<li>Pentru mai multe detalii, pute\u021bi accesa pagina noastr\u0103 de&nbsp;<a href=\"https:\/\/www.facebook.com\/aripisprecer.ro\">Facebook<\/a>.&nbsp;<\/li>\n<\/ul>\n","protected":false},"excerpt":{"rendered":"<p>Dar ce \u00eenseamn\u0103 a fi cap? Cred c\u0103 Biblia este clar\u0103 cu privire la acest aspect, f\u0103c\u00e2nd o compara\u021bie nemaipomenit\u0103:\u00a0 b\u0103rbatul este capul nevestei dup\u0103 cum \u0219i Cristos este Capul Bisericii.<\/p>\n","protected":false},"author":184,"featured_media":5106,"comment_status":"closed","ping_status":"open","sticky":false,"template":"","format":"standard","meta":{"footnotes":""},"categories":[67,69,70],"tags":[108,107,109],"class_list":["post-5104","post","type-post","status-publish","format-standard","has-post-thumbnail","hentry","category-articole","category-incurajari","category-meditatii-crestine","tag-barbat","tag-cap-de-familie","tag-familie-crestina"],"yoast_head":"<!-- This site is optimized with the Yoast SEO Premium plugin v22.3 (Yoast SEO v27.1.1) - https:\/\/yoast.com\/product\/yoast-seo-premium-wordpress\/ -->\n<title>4 caracteristici ale unui Cap de Familie - Titlu<\/title>\n<meta name=\"description\" content=\"Fiind Cap de Familie, b\u0103rbatul are marea responsabilitate de a se preocupa de via\u021ba spiritual\u0103 a so\u021biei \u0219i a copiilor lui.\" \/>\n<meta name=\"robots\" content=\"index, follow, max-snippet:-1, max-image-preview:large, max-video-preview:-1\" \/>\n<link rel=\"canonical\" href=\"https:\/\/www.aripisprecer.ro\/2021\/07\/30\/cap-de-familie\/\" \/>\n<meta property=\"og:locale\" content=\"ro_RO\" \/>\n<meta property=\"og:type\" content=\"article\" \/>\n<meta property=\"og:title\" content=\"4 caracteristici ale unui Cap de Familie - Titlu\" \/>\n<meta property=\"og:description\" content=\"Fiind Cap de Familie, b\u0103rbatul are marea responsabilitate de a se preocupa de via\u021ba spiritual\u0103 a so\u021biei \u0219i a copiilor lui.\" \/>\n<meta property=\"og:url\" content=\"https:\/\/www.aripisprecer.ro\/2021\/07\/30\/cap-de-familie\/\" \/>\n<meta property=\"og:site_name\" content=\"Radio Crestin Aripi Spre Cer Online\" \/>\n<meta property=\"article:publisher\" content=\"https:\/\/www.facebook.com\/aripisprecer.ro\/\" \/>\n<meta property=\"article:published_time\" content=\"2021-07-30T12:39:40+00:00\" \/>\n<meta property=\"article:modified_time\" content=\"2021-12-15T11:10:37+00:00\" \/>\n<meta property=\"og:image\" content=\"https:\/\/www.aripisprecer.ro\/upd\/2021\/07\/pexels-iulian-patrascu-4621798-1-scaled-e1627637882430.jpg\" \/>\n\t<meta property=\"og:image:width\" content=\"2560\" \/>\n\t<meta property=\"og:image:height\" content=\"1459\" \/>\n\t<meta property=\"og:image:type\" content=\"image\/jpeg\" \/>\n<meta name=\"author\" content=\"Laura Dobrin\" \/>\n<meta name=\"twitter:card\" content=\"summary_large_image\" \/>\n<meta name=\"twitter:creator\" content=\"@RadioCrestin\" \/>\n<meta name=\"twitter:site\" content=\"@RadioCrestin\" \/>\n<meta name=\"twitter:label1\" content=\"Scris de\" \/>\n\t<meta name=\"twitter:data1\" content=\"Laura Dobrin\" \/>\n\t<meta name=\"twitter:label2\" content=\"Timp estimat pentru citire\" \/>\n\t<meta name=\"twitter:data2\" content=\"4 minute\" \/>\n<script type=\"application\/ld+json\" class=\"yoast-schema-graph\">{\"@context\":\"https:\/\/schema.org\",\"@graph\":[{\"@type\":\"Article\",\"@id\":\"https:\/\/www.aripisprecer.ro\/2021\/07\/30\/cap-de-familie\/#article\",\"isPartOf\":{\"@id\":\"https:\/\/www.aripisprecer.ro\/2021\/07\/30\/cap-de-familie\/\"},\"author\":{\"name\":\"Laura Dobrin\",\"@id\":\"https:\/\/www.aripisprecer.ro\/#\/schema\/person\/2a7d4edd868a6c5db36605715826dc4f\"},\"headline\":\"4 caracteristici ale unui Cap de Familie\",\"datePublished\":\"2021-07-30T12:39:40+00:00\",\"dateModified\":\"2021-12-15T11:10:37+00:00\",\"mainEntityOfPage\":{\"@id\":\"https:\/\/www.aripisprecer.ro\/2021\/07\/30\/cap-de-familie\/\"},\"wordCount\":1015,\"publisher\":{\"@id\":\"https:\/\/www.aripisprecer.ro\/#organization\"},\"image\":{\"@id\":\"https:\/\/www.aripisprecer.ro\/2021\/07\/30\/cap-de-familie\/#primaryimage\"},\"thumbnailUrl\":\"https:\/\/www.aripisprecer.ro\/upd\/2021\/07\/pexels-iulian-patrascu-4621798-1-scaled-e1627637882430.jpg\",\"keywords\":[\"B\u0103rbat\",\"Cap de Familie\",\"Familie cre\u0219tin\u0103\"],\"articleSection\":[\"Articole\",\"Incurajari\",\"Meditatii crestine\"],\"inLanguage\":\"ro-RO\"},{\"@type\":\"WebPage\",\"@id\":\"https:\/\/www.aripisprecer.ro\/2021\/07\/30\/cap-de-familie\/\",\"url\":\"https:\/\/www.aripisprecer.ro\/2021\/07\/30\/cap-de-familie\/\",\"name\":\"4 caracteristici ale unui Cap de Familie - Titlu\",\"isPartOf\":{\"@id\":\"https:\/\/www.aripisprecer.ro\/#website\"},\"primaryImageOfPage\":{\"@id\":\"https:\/\/www.aripisprecer.ro\/2021\/07\/30\/cap-de-familie\/#primaryimage\"},\"image\":{\"@id\":\"https:\/\/www.aripisprecer.ro\/2021\/07\/30\/cap-de-familie\/#primaryimage\"},\"thumbnailUrl\":\"https:\/\/www.aripisprecer.ro\/upd\/2021\/07\/pexels-iulian-patrascu-4621798-1-scaled-e1627637882430.jpg\",\"datePublished\":\"2021-07-30T12:39:40+00:00\",\"dateModified\":\"2021-12-15T11:10:37+00:00\",\"description\":\"Fiind Cap de Familie, b\u0103rbatul are marea responsabilitate de a se preocupa de via\u021ba spiritual\u0103 a so\u021biei \u0219i a copiilor lui.\",\"inLanguage\":\"ro-RO\",\"potentialAction\":[{\"@type\":\"ReadAction\",\"target\":[\"https:\/\/www.aripisprecer.ro\/2021\/07\/30\/cap-de-familie\/\"]}]},{\"@type\":\"ImageObject\",\"inLanguage\":\"ro-RO\",\"@id\":\"https:\/\/www.aripisprecer.ro\/2021\/07\/30\/cap-de-familie\/#primaryimage\",\"url\":\"https:\/\/www.aripisprecer.ro\/upd\/2021\/07\/pexels-iulian-patrascu-4621798-1-scaled-e1627637882430.jpg\",\"contentUrl\":\"https:\/\/www.aripisprecer.ro\/upd\/2021\/07\/pexels-iulian-patrascu-4621798-1-scaled-e1627637882430.jpg\",\"width\":2560,\"height\":1459,\"caption\":\"Cap de Familie\"},{\"@type\":\"WebSite\",\"@id\":\"https:\/\/www.aripisprecer.ro\/#website\",\"url\":\"https:\/\/www.aripisprecer.ro\/\",\"name\":\"Radio Crestin Aripi Spre Cer Online\",\"description\":\"Radio crestin online: muzica crestina, predici, mesaje biblice, emisiuni \u00een direct, preferin\u021be muzicale\",\"publisher\":{\"@id\":\"https:\/\/www.aripisprecer.ro\/#organization\"},\"potentialAction\":[{\"@type\":\"SearchAction\",\"target\":{\"@type\":\"EntryPoint\",\"urlTemplate\":\"https:\/\/www.aripisprecer.ro\/?s={search_term_string}\"},\"query-input\":{\"@type\":\"PropertyValueSpecification\",\"valueRequired\":true,\"valueName\":\"search_term_string\"}}],\"inLanguage\":\"ro-RO\"},{\"@type\":\"Organization\",\"@id\":\"https:\/\/www.aripisprecer.ro\/#organization\",\"name\":\"Radio Crestin Aripi Spre Cer Online\",\"url\":\"https:\/\/www.aripisprecer.ro\/\",\"logo\":{\"@type\":\"ImageObject\",\"inLanguage\":\"ro-RO\",\"@id\":\"https:\/\/www.aripisprecer.ro\/#\/schema\/logo\/image\/\",\"url\":\"https:\/\/www.aripisprecer.ro\/upd\/2016\/09\/logo_aripi.png\",\"contentUrl\":\"https:\/\/www.aripisprecer.ro\/upd\/2016\/09\/logo_aripi.png\",\"width\":330,\"height\":120,\"caption\":\"Radio Crestin Aripi Spre Cer Online\"},\"image\":{\"@id\":\"https:\/\/www.aripisprecer.ro\/#\/schema\/logo\/image\/\"},\"sameAs\":[\"https:\/\/www.facebook.com\/aripisprecer.ro\/\",\"https:\/\/x.com\/RadioCrestin\",\"https:\/\/www.youtube.com\/channel\/UCxDyeO_poUL1wxls-ToZP2Q\"]},{\"@type\":\"Person\",\"@id\":\"https:\/\/www.aripisprecer.ro\/#\/schema\/person\/2a7d4edd868a6c5db36605715826dc4f\",\"name\":\"Laura Dobrin\",\"image\":{\"@type\":\"ImageObject\",\"inLanguage\":\"ro-RO\",\"@id\":\"https:\/\/www.aripisprecer.ro\/#\/schema\/person\/image\/\",\"url\":\"https:\/\/www.aripisprecer.ro\/cnt\/litespeed\/avatar\/3d8cb5212360e82cdc7951b5bf95e33f.jpg?ver=1777302833\",\"contentUrl\":\"https:\/\/www.aripisprecer.ro\/cnt\/litespeed\/avatar\/3d8cb5212360e82cdc7951b5bf95e33f.jpg?ver=1777302833\",\"caption\":\"Laura Dobrin\"},\"url\":\"https:\/\/www.aripisprecer.ro\/profil\/laura\/\"}]}<\/script>\n<!-- \/ Yoast SEO Premium plugin. -->","yoast_head_json":{"title":"4 caracteristici ale unui Cap de Familie - Titlu","description":"Fiind Cap de Familie, b\u0103rbatul are marea responsabilitate de a se preocupa de via\u021ba spiritual\u0103 a so\u021biei \u0219i a copiilor lui.","robots":{"index":"index","follow":"follow","max-snippet":"max-snippet:-1","max-image-preview":"max-image-preview:large","max-video-preview":"max-video-preview:-1"},"canonical":"https:\/\/www.aripisprecer.ro\/2021\/07\/30\/cap-de-familie\/","og_locale":"ro_RO","og_type":"article","og_title":"4 caracteristici ale unui Cap de Familie - Titlu","og_description":"Fiind Cap de Familie, b\u0103rbatul are marea responsabilitate de a se preocupa de via\u021ba spiritual\u0103 a so\u021biei \u0219i a copiilor lui.","og_url":"https:\/\/www.aripisprecer.ro\/2021\/07\/30\/cap-de-familie\/","og_site_name":"Radio Crestin Aripi Spre Cer Online","article_publisher":"https:\/\/www.facebook.com\/aripisprecer.ro\/","article_published_time":"2021-07-30T12:39:40+00:00","article_modified_time":"2021-12-15T11:10:37+00:00","og_image":[{"width":2560,"height":1459,"url":"https:\/\/www.aripisprecer.ro\/upd\/2021\/07\/pexels-iulian-patrascu-4621798-1-scaled-e1627637882430.jpg","type":"image\/jpeg"}],"author":"Laura Dobrin","twitter_card":"summary_large_image","twitter_creator":"@RadioCrestin","twitter_site":"@RadioCrestin","twitter_misc":{"Scris de":"Laura Dobrin","Timp estimat pentru citire":"4 minute"},"schema":{"@context":"https:\/\/schema.org","@graph":[{"@type":"Article","@id":"https:\/\/www.aripisprecer.ro\/2021\/07\/30\/cap-de-familie\/#article","isPartOf":{"@id":"https:\/\/www.aripisprecer.ro\/2021\/07\/30\/cap-de-familie\/"},"author":{"name":"Laura Dobrin","@id":"https:\/\/www.aripisprecer.ro\/#\/schema\/person\/2a7d4edd868a6c5db36605715826dc4f"},"headline":"4 caracteristici ale unui Cap de Familie","datePublished":"2021-07-30T12:39:40+00:00","dateModified":"2021-12-15T11:10:37+00:00","mainEntityOfPage":{"@id":"https:\/\/www.aripisprecer.ro\/2021\/07\/30\/cap-de-familie\/"},"wordCount":1015,"publisher":{"@id":"https:\/\/www.aripisprecer.ro\/#organization"},"image":{"@id":"https:\/\/www.aripisprecer.ro\/2021\/07\/30\/cap-de-familie\/#primaryimage"},"thumbnailUrl":"https:\/\/www.aripisprecer.ro\/upd\/2021\/07\/pexels-iulian-patrascu-4621798-1-scaled-e1627637882430.jpg","keywords":["B\u0103rbat","Cap de Familie","Familie cre\u0219tin\u0103"],"articleSection":["Articole","Incurajari","Meditatii crestine"],"inLanguage":"ro-RO"},{"@type":"WebPage","@id":"https:\/\/www.aripisprecer.ro\/2021\/07\/30\/cap-de-familie\/","url":"https:\/\/www.aripisprecer.ro\/2021\/07\/30\/cap-de-familie\/","name":"4 caracteristici ale unui Cap de Familie - Titlu","isPartOf":{"@id":"https:\/\/www.aripisprecer.ro\/#website"},"primaryImageOfPage":{"@id":"https:\/\/www.aripisprecer.ro\/2021\/07\/30\/cap-de-familie\/#primaryimage"},"image":{"@id":"https:\/\/www.aripisprecer.ro\/2021\/07\/30\/cap-de-familie\/#primaryimage"},"thumbnailUrl":"https:\/\/www.aripisprecer.ro\/upd\/2021\/07\/pexels-iulian-patrascu-4621798-1-scaled-e1627637882430.jpg","datePublished":"2021-07-30T12:39:40+00:00","dateModified":"2021-12-15T11:10:37+00:00","description":"Fiind Cap de Familie, b\u0103rbatul are marea responsabilitate de a se preocupa de via\u021ba spiritual\u0103 a so\u021biei \u0219i a copiilor lui.","inLanguage":"ro-RO","potentialAction":[{"@type":"ReadAction","target":["https:\/\/www.aripisprecer.ro\/2021\/07\/30\/cap-de-familie\/"]}]},{"@type":"ImageObject","inLanguage":"ro-RO","@id":"https:\/\/www.aripisprecer.ro\/2021\/07\/30\/cap-de-familie\/#primaryimage","url":"https:\/\/www.aripisprecer.ro\/upd\/2021\/07\/pexels-iulian-patrascu-4621798-1-scaled-e1627637882430.jpg","contentUrl":"https:\/\/www.aripisprecer.ro\/upd\/2021\/07\/pexels-iulian-patrascu-4621798-1-scaled-e1627637882430.jpg","width":2560,"height":1459,"caption":"Cap de Familie"},{"@type":"WebSite","@id":"https:\/\/www.aripisprecer.ro\/#website","url":"https:\/\/www.aripisprecer.ro\/","name":"Radio Crestin Aripi Spre Cer Online","description":"Radio crestin online: muzica crestina, predici, mesaje biblice, emisiuni \u00een direct, preferin\u021be muzicale","publisher":{"@id":"https:\/\/www.aripisprecer.ro\/#organization"},"potentialAction":[{"@type":"SearchAction","target":{"@type":"EntryPoint","urlTemplate":"https:\/\/www.aripisprecer.ro\/?s={search_term_string}"},"query-input":{"@type":"PropertyValueSpecification","valueRequired":true,"valueName":"search_term_string"}}],"inLanguage":"ro-RO"},{"@type":"Organization","@id":"https:\/\/www.aripisprecer.ro\/#organization","name":"Radio Crestin Aripi Spre Cer Online","url":"https:\/\/www.aripisprecer.ro\/","logo":{"@type":"ImageObject","inLanguage":"ro-RO","@id":"https:\/\/www.aripisprecer.ro\/#\/schema\/logo\/image\/","url":"https:\/\/www.aripisprecer.ro\/upd\/2016\/09\/logo_aripi.png","contentUrl":"https:\/\/www.aripisprecer.ro\/upd\/2016\/09\/logo_aripi.png","width":330,"height":120,"caption":"Radio Crestin Aripi Spre Cer Online"},"image":{"@id":"https:\/\/www.aripisprecer.ro\/#\/schema\/logo\/image\/"},"sameAs":["https:\/\/www.facebook.com\/aripisprecer.ro\/","https:\/\/x.com\/RadioCrestin","https:\/\/www.youtube.com\/channel\/UCxDyeO_poUL1wxls-ToZP2Q"]},{"@type":"Person","@id":"https:\/\/www.aripisprecer.ro\/#\/schema\/person\/2a7d4edd868a6c5db36605715826dc4f","name":"Laura Dobrin","image":{"@type":"ImageObject","inLanguage":"ro-RO","@id":"https:\/\/www.aripisprecer.ro\/#\/schema\/person\/image\/","url":"https:\/\/www.aripisprecer.ro\/cnt\/litespeed\/avatar\/3d8cb5212360e82cdc7951b5bf95e33f.jpg?ver=1777302833","contentUrl":"https:\/\/www.aripisprecer.ro\/cnt\/litespeed\/avatar\/3d8cb5212360e82cdc7951b5bf95e33f.jpg?ver=1777302833","caption":"Laura Dobrin"},"url":"https:\/\/www.aripisprecer.ro\/profil\/laura\/"}]}},"_links":{"self":[{"href":"https:\/\/www.aripisprecer.ro\/aripi-json\/wp\/v2\/posts\/5104","targetHints":{"allow":["GET"]}}],"collection":[{"href":"https:\/\/www.aripisprecer.ro\/aripi-json\/wp\/v2\/posts"}],"about":[{"href":"https:\/\/www.aripisprecer.ro\/aripi-json\/wp\/v2\/types\/post"}],"author":[{"embeddable":true,"href":"https:\/\/www.aripisprecer.ro\/aripi-json\/wp\/v2\/users\/184"}],"replies":[{"embeddable":true,"href":"https:\/\/www.aripisprecer.ro\/aripi-json\/wp\/v2\/comments?post=5104"}],"version-history":[{"count":5,"href":"https:\/\/www.aripisprecer.ro\/aripi-json\/wp\/v2\/posts\/5104\/revisions"}],"predecessor-version":[{"id":5111,"href":"https:\/\/www.aripisprecer.ro\/aripi-json\/wp\/v2\/posts\/5104\/revisions\/5111"}],"wp:featuredmedia":[{"embeddable":true,"href":"https:\/\/www.aripisprecer.ro\/aripi-json\/wp\/v2\/media\/5106"}],"wp:attachment":[{"href":"https:\/\/www.aripisprecer.ro\/aripi-json\/wp\/v2\/media?parent=5104"}],"wp:term":[{"taxonomy":"category","embeddable":true,"href":"https:\/\/www.aripisprecer.ro\/aripi-json\/wp\/v2\/categories?post=5104"},{"taxonomy":"post_tag","embeddable":true,"href":"https:\/\/www.aripisprecer.ro\/aripi-json\/wp\/v2\/tags?post=5104"}],"curies":[{"name":"wp","href":"https:\/\/api.w.org\/{rel}","templated":true}]}}