{"id":5145,"date":"2021-08-20T18:26:48","date_gmt":"2021-08-20T16:26:48","guid":{"rendered":"https:\/\/www.aripisprecer.ro\/?p=5145"},"modified":"2021-12-15T13:10:33","modified_gmt":"2021-12-15T11:10:33","slug":"vorbe-care-ranesc","status":"publish","type":"post","link":"https:\/\/www.aripisprecer.ro\/2021\/08\/20\/vorbe-care-ranesc\/","title":{"rendered":"4 tipuri de vorbe pe care, de\u0219i nu vrem, le spunem"},"content":{"rendered":"\n<p><span style=\"color: #666699;\"><strong>De multe ori ni se \u00eent\u00e2mpl\u0103 s\u0103 deschidem gura cu u\u0219urin\u021b\u0103, f\u0103r\u0103 s\u0103 mai trecem prin filtrul min\u021bii ce fel de vorbe rostim. Astfel, r\u0103nim aproapele \u0219i r\u0103cim rela\u021biile din cauza unor vorbe pe care le-am sc\u0103pat printre din\u021bi.<\/strong><\/span><\/p>\n<p>Dumnezeu \u021bine s\u0103 ne avertizeze \u00een Scriptur\u0103 c\u0103 limba este periculoas\u0103, este o arm\u0103 cu dou\u0103 fe\u021be. Cu una din fe\u021be putem blestema, iar cu cealalt\u0103 binecuv\u00e2nta. De aceea, trebuie s\u0103 avem mare grij\u0103, s\u0103 ne \u021binem \u00een st\u0103p\u00e2nire cuvintele \u0219i s\u0103 ne antren\u0103m \u00een alegerea \u00een\u021belepciunii, care ne \u00eendeamn\u0103 c\u00e2nd s\u0103 d\u0103m drumul gurii sau c\u00e2nd s\u0103 t\u0103cem.<\/p>\n<blockquote>\n<p><strong>\u201eTot a\u0219a \u0219i limba este un mic m\u0103dular \u0219i se f\u0103le\u0219te cu lucruri mari. Iat\u0103 un foc mic ce p\u0103dure mare aprinde!\u201d &#8211; Iacov 3:5<\/strong><\/p>\n<\/blockquote>\n<p>Cuvintele noastre chiar pot provoca mari ravagii \u00een jurul nostru de care nu suntem total con\u0219tien\u021bi, de\u0219i Biblia ne alerteaz\u0103 \u00een nenum\u0103rate r\u00e2nduri despre acest aspect. Vorbele pe care le spunem pot afecta at\u00e2t rela\u021bia pe orizontal\u0103 (cu semenii no\u0219tri), c\u00e2t \u0219i cea pe vertical\u0103 (cu Dumnezeu).<\/p>\n<ul style=\"list-style-type: circle;\">\n<li><span style=\"text-decoration: underline;\"><span style=\"color: #666699;\"><strong>Vorbe care d\u0103r\u00e2m\u0103 pe cel\u0103lalt<\/strong><\/span><\/span><\/li>\n<\/ul>\n<blockquote>\n<p><strong>\u201eCel lipsit de evlavie \u00ee\u0219i distruge semenul cu gura.\u201d &#8211; Proverbe 11:9<\/strong><\/p>\n<\/blockquote>\n<p>C\u00e2t de u\u0219or d\u0103m drumul vorbelor care fac r\u0103u! Ne atac\u0103m unii pe al\u021bii provoc\u00e2nd r\u0103ni care nu se mai pot vindeca. \u0218i cel mai r\u0103u este c\u0103 nu ne pas\u0103 prea mult. Sl\u0103vim tupeul \u0219i \u00eendr\u0103zneala, dar d\u0103m uit\u0103rii smerenia.<\/p>\n<p>Domnul Isus cum a ac\u021bionat? El a \u0219tiut s\u0103 r\u0103spund\u0103 potrivit fiec\u0103ruia, a \u021binut cont de sl\u0103biciunile lor \u0219i le-a vorbit cu bl\u00e2nde\u021be.<\/p>\n<p>Bl\u00e2nde\u021bea noastr\u0103 unde este? O uit\u0103m at\u00e2t de des. De fapt, doar o proclam\u0103m cu buzele, dar c\u00e2nd vine un conflict noi suntem primii care scoatem vorbele la \u00eenaintare. C\u0103ut\u0103m s\u0103 ne ap\u0103r\u0103m, s\u0103 ne facem dreptate cu pre\u021bul umilirii celuilalt.<\/p>\n<p>Dumnezeu a \u0219tiut c\u0103 suntem deficitari la acest aspect, de aceea pune accent \u00een Cuv\u00e2ntul S\u0103u pe felul nostru de vorbire, care trebuie s\u0103 fie curat, f\u0103r\u0103 pat\u0103.<\/p>\n<h4><span style=\"color: #666699;\">S\u0103 nu uit\u0103m c\u0103 vom <em>da socoteal\u0103 de orice cuv\u00e2nt nefolositor<\/em> pe care l-am l\u0103sat s\u0103 treac\u0103 \u0219i cu care am d\u0103r\u00e2mat pe cel de l\u00e2ng\u0103 noi.<\/span><\/h4>\n<ul style=\"list-style-type: circle;\">\n<li><span style=\"text-decoration: underline;\"><strong><span style=\"color: #666699; text-decoration: underline;\">Vorbe care ne \u00eenal\u021b\u0103 pe noi \u00een\u0219ine<\/span><\/strong><\/span><\/li>\n<\/ul>\n<blockquote>\n<p><strong>\u201eCe lucru ai pe care s\u0103 nu-l fi primit? \u015ei dac\u0103 l-ai primit, de ce te lauzi ca \u015fi cum nu l-ai fi primit?\u201d &#8211; 1 Corinteni 4:7<\/strong><\/p>\n<\/blockquote>\n<p>Avem tendin\u021ba s\u0103 vorbim at\u00e2t de mult despre noi \u00een\u0219ine pentru c\u0103 ne iubim prea mult. C\u00e2nd ne \u00eent\u00e2lnim cu oamenii ne l\u0103ud\u0103m cu realiz\u0103rile noastre, de parc\u0103 noi le-am fi f\u0103cut.&nbsp;<\/p>\n<h4><span style=\"color: #666699;\">\u00cen\u0103l\u021b\u0103m faptele noastre, dar nu-L \u00een\u0103l\u021b\u0103m pe Dumnezeu, Cel de la care avem totul.<\/span><\/h4>\n<p>Folosim vorbe ca s\u0103 ne zidim eul, s\u0103 p\u0103rem cineva \u00een fa\u021ba lumii. Trist este c\u0103 acest lucru \u00eel \u00eent\u00e2lnim tot mai des \u00eentre noi, copiii lui Dumnezeu. Ne \u00een\u0219el\u0103m singuri crez\u00e2nd c\u0103 putem s\u0103 ne \u00eentrecem \u00een realiz\u0103ri cu al\u021bii.<\/p>\n<p>Ce bine ar fi dac\u0103 ne-am \u00eentrece \u00een realiz\u0103ri spirituale!<\/p>\n<ul style=\"list-style-type: circle;\">\n<li><span style=\"text-decoration: underline;\"><span style=\"color: #666699;\"><strong>Vorbe spuse sub impuls \u0219i regretate<\/strong><\/span><\/span><\/li>\n<\/ul>\n<blockquote>\n<p><strong>\u201eCuvintele necugetate sunt ca str\u0103pungerile unei s\u0103bii.\u201d &#8211; Proverbe 12:18 a<\/strong><\/p>\n<\/blockquote>\n<p>Odat\u0103 rostite, unele vorbe nu mai pot fi reparate, ele merg \u021bint\u0103 la inima celuilalt \u0219i o str\u0103pung. Asta pentru c\u0103 ne l\u0103s\u0103m sub influen\u021ba sentimentelor noastre.<\/p>\n<p><strong><span style=\"color: #666699;\">De c\u00e2te ori oare copilul a aruncat cu vorbe ur\u00e2te \u00een p\u0103rinte, so\u021bul&nbsp; \u0219i-a r\u0103nit so\u021bia, iar ea \u0219i-a jignit so\u021bul?<\/span><\/strong><\/p>\n<p>\u00cen momentele c\u00e2nd ne l\u0103s\u0103m purta\u021bi de valul furiei, facem ravagii. \u0218i c\u00e2t regret\u0103m apoi&#8230;Dar scuzele nu \u00eenchid a\u0219a u\u0219or o ran\u0103 deschis\u0103. <span style=\"text-decoration: underline;\">De aceea, dac\u0103 nu avem de spus ceva bun mai bine am t\u0103cea.<\/span><\/p>\n<p>Biblia spune c\u0103 omul care are pricepere tace \u0219i este \u00een stare s\u0103-\u0219i \u021bin\u0103 buzele \u00een st\u0103p\u00e2nire. Pentru c\u0103 ceea ce vrem s\u0103 primim, aceea s\u0103 \u0219i oferim. M\u0103 \u00eendoiesc c\u0103 am vrea s\u0103 primim vorbe care s\u0103 ne provoace durerea. Cu to\u021bii ne dorim cuvinte vindec\u0103toare pentru sufletul nostru.<\/p>\n<ul style=\"list-style-type: circle;\">\n<li><span style=\"text-decoration: underline;\"><strong><span style=\"color: #666699; text-decoration: underline;\">Vorbe pref\u0103cute\/ mincinoase<\/span><\/strong><\/span><\/li>\n<\/ul>\n<blockquote>\n<p><strong>\u201eBuzele mincinoase sunt ur\u00e2te Domnului, dar cei ce lucreaz\u0103 cu adev\u0103r \u00eei sunt pl\u0103cu\u0163i.\u201d &#8211; Proverbe 12:22<\/strong><\/p>\n<\/blockquote>\n<p>La acest capitol, din p\u0103cate suntem cei mai deficitari deoarece f\u0103\u021b\u0103rnicia a ajuns o normalitate. \u00cen fa\u021b\u0103 spunem vorbe pref\u0103cute, pline de falsitate, iar pe la spate, spunem contrariul. Nu suntem sinceri unii cu al\u021bii, doar ca s\u0103 poz\u0103m bine.<\/p>\n<p>Domnul ur\u0103\u0219te minciuna, ur\u0103\u0219te falsitatea, iar pentru faptul c\u0103 ne min\u021bim frumos unii pe al\u021bii nu suntem scuti\u021bi de p\u0103cat. Dac\u0103 avem ceva bun de spus, adev\u0103rat \u0219i cu dragoste, s\u0103 spunem. Dac\u0103 nu, s\u0103 p\u0103str\u0103m pentru noi.<\/p>\n<p>&nbsp;<\/p>\n<ul>\n<li>Dac\u0103 v-a \u00eencurajat acest articol, pute\u021bi citi \u0219i articolul <a href=\"https:\/\/www.aripisprecer.ro\/2021\/08\/17\/zona-de-confort\/\">Cum stai cu zona de confort?<\/a><\/li>\n<li>Pentru mai multe detalii, pute\u021bi accesa pagina noastr\u0103 de&nbsp;<a href=\"https:\/\/www.facebook.com\/aripisprecer.ro\">Facebook<\/a>.&nbsp;<\/li>\n<\/ul>\n","protected":false},"excerpt":{"rendered":"<p>Dumnezeu \u021bine s\u0103 ne avertizeze \u00een Scriptur\u0103 c\u0103 limba este periculoas\u0103, este o arm\u0103 cu dou\u0103 fe\u021be. Cu una din fe\u021be putem blestema, iar cu cealalt\u0103 binecuv\u00e2nta. De aceea, trebuie s\u0103 avem mare grij\u0103, s\u0103 ne \u021binem \u00een st\u0103p\u00e2nire cuvintele \u0219i s\u0103 ne antren\u0103m \u00een alegerea \u00een\u021belepciunii, care ne \u00eendeamn\u0103 c\u00e2nd s\u0103 d\u0103m drumul gurii sau c\u00e2nd s\u0103 t\u0103cem.<\/p>\n","protected":false},"author":184,"featured_media":5147,"comment_status":"closed","ping_status":"open","sticky":false,"template":"","format":"standard","meta":{"footnotes":""},"categories":[67,74,69,70],"tags":[120,119,118],"class_list":["post-5145","post","type-post","status-publish","format-standard","has-post-thumbnail","hentry","category-articole","category-devotionale","category-incurajari","category-meditatii-crestine","tag-pacate","tag-rani","tag-vorbe"],"yoast_head":"<!-- This site is optimized with the Yoast SEO Premium plugin v22.3 (Yoast SEO v27.1.1) - https:\/\/yoast.com\/product\/yoast-seo-premium-wordpress\/ -->\n<title>4 tipuri de vorbe pe care, de\u0219i nu vrem, le spunem - Radio Crestin Aripi Spre Cer Online<\/title>\n<meta name=\"description\" content=\"De multe ori ni se \u00eent\u00e2mpl\u0103 s\u0103 deschidem gura cu u\u0219urin\u021b\u0103, f\u0103r\u0103 s\u0103 mai trecem prin filtrul min\u021bii ce fel de vorbe rostim.\" \/>\n<meta name=\"robots\" content=\"index, follow, max-snippet:-1, max-image-preview:large, max-video-preview:-1\" \/>\n<link rel=\"canonical\" href=\"https:\/\/www.aripisprecer.ro\/2021\/08\/20\/vorbe-care-ranesc\/\" \/>\n<meta property=\"og:locale\" content=\"ro_RO\" \/>\n<meta property=\"og:type\" content=\"article\" \/>\n<meta property=\"og:title\" content=\"4 tipuri de vorbe pe care, de\u0219i nu vrem, le spunem - Radio Crestin Aripi Spre Cer Online\" \/>\n<meta property=\"og:description\" content=\"De multe ori ni se \u00eent\u00e2mpl\u0103 s\u0103 deschidem gura cu u\u0219urin\u021b\u0103, f\u0103r\u0103 s\u0103 mai trecem prin filtrul min\u021bii ce fel de vorbe rostim.\" \/>\n<meta property=\"og:url\" content=\"https:\/\/www.aripisprecer.ro\/2021\/08\/20\/vorbe-care-ranesc\/\" \/>\n<meta property=\"og:site_name\" content=\"Radio Crestin Aripi Spre Cer Online\" \/>\n<meta property=\"article:publisher\" content=\"https:\/\/www.facebook.com\/aripisprecer.ro\/\" \/>\n<meta property=\"article:published_time\" content=\"2021-08-20T16:26:48+00:00\" \/>\n<meta property=\"article:modified_time\" content=\"2021-12-15T11:10:33+00:00\" \/>\n<meta property=\"og:image\" content=\"https:\/\/www.aripisprecer.ro\/upd\/2021\/08\/ear-3971050_1280.jpg\" \/>\n\t<meta property=\"og:image:width\" content=\"1280\" \/>\n\t<meta property=\"og:image:height\" content=\"1280\" \/>\n\t<meta property=\"og:image:type\" content=\"image\/jpeg\" \/>\n<meta name=\"author\" content=\"Laura Dobrin\" \/>\n<meta name=\"twitter:card\" content=\"summary_large_image\" \/>\n<meta name=\"twitter:creator\" content=\"@RadioCrestin\" \/>\n<meta name=\"twitter:site\" content=\"@RadioCrestin\" \/>\n<meta name=\"twitter:label1\" content=\"Scris de\" \/>\n\t<meta name=\"twitter:data1\" content=\"Laura Dobrin\" \/>\n\t<meta name=\"twitter:label2\" content=\"Timp estimat pentru citire\" \/>\n\t<meta name=\"twitter:data2\" content=\"4 minute\" \/>\n<script type=\"application\/ld+json\" class=\"yoast-schema-graph\">{\"@context\":\"https:\/\/schema.org\",\"@graph\":[{\"@type\":\"Article\",\"@id\":\"https:\/\/www.aripisprecer.ro\/2021\/08\/20\/vorbe-care-ranesc\/#article\",\"isPartOf\":{\"@id\":\"https:\/\/www.aripisprecer.ro\/2021\/08\/20\/vorbe-care-ranesc\/\"},\"author\":{\"name\":\"Laura Dobrin\",\"@id\":\"https:\/\/www.aripisprecer.ro\/#\/schema\/person\/2a7d4edd868a6c5db36605715826dc4f\"},\"headline\":\"4 tipuri de vorbe pe care, de\u0219i nu vrem, le spunem\",\"datePublished\":\"2021-08-20T16:26:48+00:00\",\"dateModified\":\"2021-12-15T11:10:33+00:00\",\"mainEntityOfPage\":{\"@id\":\"https:\/\/www.aripisprecer.ro\/2021\/08\/20\/vorbe-care-ranesc\/\"},\"wordCount\":912,\"publisher\":{\"@id\":\"https:\/\/www.aripisprecer.ro\/#organization\"},\"image\":{\"@id\":\"https:\/\/www.aripisprecer.ro\/2021\/08\/20\/vorbe-care-ranesc\/#primaryimage\"},\"thumbnailUrl\":\"https:\/\/www.aripisprecer.ro\/upd\/2021\/08\/ear-3971050_1280.jpg\",\"keywords\":[\"P\u0103cate\",\"R\u0103ni\",\"Vorbe\"],\"articleSection\":[\"Articole\",\"Devotionale\",\"Incurajari\",\"Meditatii crestine\"],\"inLanguage\":\"ro-RO\"},{\"@type\":\"WebPage\",\"@id\":\"https:\/\/www.aripisprecer.ro\/2021\/08\/20\/vorbe-care-ranesc\/\",\"url\":\"https:\/\/www.aripisprecer.ro\/2021\/08\/20\/vorbe-care-ranesc\/\",\"name\":\"4 tipuri de vorbe pe care, de\u0219i nu vrem, le spunem - Radio Crestin Aripi Spre Cer Online\",\"isPartOf\":{\"@id\":\"https:\/\/www.aripisprecer.ro\/#website\"},\"primaryImageOfPage\":{\"@id\":\"https:\/\/www.aripisprecer.ro\/2021\/08\/20\/vorbe-care-ranesc\/#primaryimage\"},\"image\":{\"@id\":\"https:\/\/www.aripisprecer.ro\/2021\/08\/20\/vorbe-care-ranesc\/#primaryimage\"},\"thumbnailUrl\":\"https:\/\/www.aripisprecer.ro\/upd\/2021\/08\/ear-3971050_1280.jpg\",\"datePublished\":\"2021-08-20T16:26:48+00:00\",\"dateModified\":\"2021-12-15T11:10:33+00:00\",\"description\":\"De multe ori ni se \u00eent\u00e2mpl\u0103 s\u0103 deschidem gura cu u\u0219urin\u021b\u0103, f\u0103r\u0103 s\u0103 mai trecem prin filtrul min\u021bii ce fel de vorbe rostim.\",\"inLanguage\":\"ro-RO\",\"potentialAction\":[{\"@type\":\"ReadAction\",\"target\":[\"https:\/\/www.aripisprecer.ro\/2021\/08\/20\/vorbe-care-ranesc\/\"]}]},{\"@type\":\"ImageObject\",\"inLanguage\":\"ro-RO\",\"@id\":\"https:\/\/www.aripisprecer.ro\/2021\/08\/20\/vorbe-care-ranesc\/#primaryimage\",\"url\":\"https:\/\/www.aripisprecer.ro\/upd\/2021\/08\/ear-3971050_1280.jpg\",\"contentUrl\":\"https:\/\/www.aripisprecer.ro\/upd\/2021\/08\/ear-3971050_1280.jpg\",\"width\":1280,\"height\":1280,\"caption\":\"vorbe\"},{\"@type\":\"WebSite\",\"@id\":\"https:\/\/www.aripisprecer.ro\/#website\",\"url\":\"https:\/\/www.aripisprecer.ro\/\",\"name\":\"Radio Crestin Aripi Spre Cer Online\",\"description\":\"Radio crestin online: muzica crestina, predici, mesaje biblice, emisiuni \u00een direct, preferin\u021be muzicale\",\"publisher\":{\"@id\":\"https:\/\/www.aripisprecer.ro\/#organization\"},\"potentialAction\":[{\"@type\":\"SearchAction\",\"target\":{\"@type\":\"EntryPoint\",\"urlTemplate\":\"https:\/\/www.aripisprecer.ro\/?s={search_term_string}\"},\"query-input\":{\"@type\":\"PropertyValueSpecification\",\"valueRequired\":true,\"valueName\":\"search_term_string\"}}],\"inLanguage\":\"ro-RO\"},{\"@type\":\"Organization\",\"@id\":\"https:\/\/www.aripisprecer.ro\/#organization\",\"name\":\"Radio Crestin Aripi Spre Cer Online\",\"url\":\"https:\/\/www.aripisprecer.ro\/\",\"logo\":{\"@type\":\"ImageObject\",\"inLanguage\":\"ro-RO\",\"@id\":\"https:\/\/www.aripisprecer.ro\/#\/schema\/logo\/image\/\",\"url\":\"https:\/\/www.aripisprecer.ro\/upd\/2016\/09\/logo_aripi.png\",\"contentUrl\":\"https:\/\/www.aripisprecer.ro\/upd\/2016\/09\/logo_aripi.png\",\"width\":330,\"height\":120,\"caption\":\"Radio Crestin Aripi Spre Cer Online\"},\"image\":{\"@id\":\"https:\/\/www.aripisprecer.ro\/#\/schema\/logo\/image\/\"},\"sameAs\":[\"https:\/\/www.facebook.com\/aripisprecer.ro\/\",\"https:\/\/x.com\/RadioCrestin\",\"https:\/\/www.youtube.com\/channel\/UCxDyeO_poUL1wxls-ToZP2Q\"]},{\"@type\":\"Person\",\"@id\":\"https:\/\/www.aripisprecer.ro\/#\/schema\/person\/2a7d4edd868a6c5db36605715826dc4f\",\"name\":\"Laura Dobrin\",\"image\":{\"@type\":\"ImageObject\",\"inLanguage\":\"ro-RO\",\"@id\":\"https:\/\/www.aripisprecer.ro\/#\/schema\/person\/image\/\",\"url\":\"https:\/\/www.aripisprecer.ro\/cnt\/litespeed\/avatar\/3d8cb5212360e82cdc7951b5bf95e33f.jpg?ver=1777302833\",\"contentUrl\":\"https:\/\/www.aripisprecer.ro\/cnt\/litespeed\/avatar\/3d8cb5212360e82cdc7951b5bf95e33f.jpg?ver=1777302833\",\"caption\":\"Laura Dobrin\"},\"url\":\"https:\/\/www.aripisprecer.ro\/profil\/laura\/\"}]}<\/script>\n<!-- \/ Yoast SEO Premium plugin. -->","yoast_head_json":{"title":"4 tipuri de vorbe pe care, de\u0219i nu vrem, le spunem - Radio Crestin Aripi Spre Cer Online","description":"De multe ori ni se \u00eent\u00e2mpl\u0103 s\u0103 deschidem gura cu u\u0219urin\u021b\u0103, f\u0103r\u0103 s\u0103 mai trecem prin filtrul min\u021bii ce fel de vorbe rostim.","robots":{"index":"index","follow":"follow","max-snippet":"max-snippet:-1","max-image-preview":"max-image-preview:large","max-video-preview":"max-video-preview:-1"},"canonical":"https:\/\/www.aripisprecer.ro\/2021\/08\/20\/vorbe-care-ranesc\/","og_locale":"ro_RO","og_type":"article","og_title":"4 tipuri de vorbe pe care, de\u0219i nu vrem, le spunem - Radio Crestin Aripi Spre Cer Online","og_description":"De multe ori ni se \u00eent\u00e2mpl\u0103 s\u0103 deschidem gura cu u\u0219urin\u021b\u0103, f\u0103r\u0103 s\u0103 mai trecem prin filtrul min\u021bii ce fel de vorbe rostim.","og_url":"https:\/\/www.aripisprecer.ro\/2021\/08\/20\/vorbe-care-ranesc\/","og_site_name":"Radio Crestin Aripi Spre Cer Online","article_publisher":"https:\/\/www.facebook.com\/aripisprecer.ro\/","article_published_time":"2021-08-20T16:26:48+00:00","article_modified_time":"2021-12-15T11:10:33+00:00","og_image":[{"width":1280,"height":1280,"url":"https:\/\/www.aripisprecer.ro\/upd\/2021\/08\/ear-3971050_1280.jpg","type":"image\/jpeg"}],"author":"Laura Dobrin","twitter_card":"summary_large_image","twitter_creator":"@RadioCrestin","twitter_site":"@RadioCrestin","twitter_misc":{"Scris de":"Laura Dobrin","Timp estimat pentru citire":"4 minute"},"schema":{"@context":"https:\/\/schema.org","@graph":[{"@type":"Article","@id":"https:\/\/www.aripisprecer.ro\/2021\/08\/20\/vorbe-care-ranesc\/#article","isPartOf":{"@id":"https:\/\/www.aripisprecer.ro\/2021\/08\/20\/vorbe-care-ranesc\/"},"author":{"name":"Laura Dobrin","@id":"https:\/\/www.aripisprecer.ro\/#\/schema\/person\/2a7d4edd868a6c5db36605715826dc4f"},"headline":"4 tipuri de vorbe pe care, de\u0219i nu vrem, le spunem","datePublished":"2021-08-20T16:26:48+00:00","dateModified":"2021-12-15T11:10:33+00:00","mainEntityOfPage":{"@id":"https:\/\/www.aripisprecer.ro\/2021\/08\/20\/vorbe-care-ranesc\/"},"wordCount":912,"publisher":{"@id":"https:\/\/www.aripisprecer.ro\/#organization"},"image":{"@id":"https:\/\/www.aripisprecer.ro\/2021\/08\/20\/vorbe-care-ranesc\/#primaryimage"},"thumbnailUrl":"https:\/\/www.aripisprecer.ro\/upd\/2021\/08\/ear-3971050_1280.jpg","keywords":["P\u0103cate","R\u0103ni","Vorbe"],"articleSection":["Articole","Devotionale","Incurajari","Meditatii crestine"],"inLanguage":"ro-RO"},{"@type":"WebPage","@id":"https:\/\/www.aripisprecer.ro\/2021\/08\/20\/vorbe-care-ranesc\/","url":"https:\/\/www.aripisprecer.ro\/2021\/08\/20\/vorbe-care-ranesc\/","name":"4 tipuri de vorbe pe care, de\u0219i nu vrem, le spunem - Radio Crestin Aripi Spre Cer Online","isPartOf":{"@id":"https:\/\/www.aripisprecer.ro\/#website"},"primaryImageOfPage":{"@id":"https:\/\/www.aripisprecer.ro\/2021\/08\/20\/vorbe-care-ranesc\/#primaryimage"},"image":{"@id":"https:\/\/www.aripisprecer.ro\/2021\/08\/20\/vorbe-care-ranesc\/#primaryimage"},"thumbnailUrl":"https:\/\/www.aripisprecer.ro\/upd\/2021\/08\/ear-3971050_1280.jpg","datePublished":"2021-08-20T16:26:48+00:00","dateModified":"2021-12-15T11:10:33+00:00","description":"De multe ori ni se \u00eent\u00e2mpl\u0103 s\u0103 deschidem gura cu u\u0219urin\u021b\u0103, f\u0103r\u0103 s\u0103 mai trecem prin filtrul min\u021bii ce fel de vorbe rostim.","inLanguage":"ro-RO","potentialAction":[{"@type":"ReadAction","target":["https:\/\/www.aripisprecer.ro\/2021\/08\/20\/vorbe-care-ranesc\/"]}]},{"@type":"ImageObject","inLanguage":"ro-RO","@id":"https:\/\/www.aripisprecer.ro\/2021\/08\/20\/vorbe-care-ranesc\/#primaryimage","url":"https:\/\/www.aripisprecer.ro\/upd\/2021\/08\/ear-3971050_1280.jpg","contentUrl":"https:\/\/www.aripisprecer.ro\/upd\/2021\/08\/ear-3971050_1280.jpg","width":1280,"height":1280,"caption":"vorbe"},{"@type":"WebSite","@id":"https:\/\/www.aripisprecer.ro\/#website","url":"https:\/\/www.aripisprecer.ro\/","name":"Radio Crestin Aripi Spre Cer Online","description":"Radio crestin online: muzica crestina, predici, mesaje biblice, emisiuni \u00een direct, preferin\u021be muzicale","publisher":{"@id":"https:\/\/www.aripisprecer.ro\/#organization"},"potentialAction":[{"@type":"SearchAction","target":{"@type":"EntryPoint","urlTemplate":"https:\/\/www.aripisprecer.ro\/?s={search_term_string}"},"query-input":{"@type":"PropertyValueSpecification","valueRequired":true,"valueName":"search_term_string"}}],"inLanguage":"ro-RO"},{"@type":"Organization","@id":"https:\/\/www.aripisprecer.ro\/#organization","name":"Radio Crestin Aripi Spre Cer Online","url":"https:\/\/www.aripisprecer.ro\/","logo":{"@type":"ImageObject","inLanguage":"ro-RO","@id":"https:\/\/www.aripisprecer.ro\/#\/schema\/logo\/image\/","url":"https:\/\/www.aripisprecer.ro\/upd\/2016\/09\/logo_aripi.png","contentUrl":"https:\/\/www.aripisprecer.ro\/upd\/2016\/09\/logo_aripi.png","width":330,"height":120,"caption":"Radio Crestin Aripi Spre Cer Online"},"image":{"@id":"https:\/\/www.aripisprecer.ro\/#\/schema\/logo\/image\/"},"sameAs":["https:\/\/www.facebook.com\/aripisprecer.ro\/","https:\/\/x.com\/RadioCrestin","https:\/\/www.youtube.com\/channel\/UCxDyeO_poUL1wxls-ToZP2Q"]},{"@type":"Person","@id":"https:\/\/www.aripisprecer.ro\/#\/schema\/person\/2a7d4edd868a6c5db36605715826dc4f","name":"Laura Dobrin","image":{"@type":"ImageObject","inLanguage":"ro-RO","@id":"https:\/\/www.aripisprecer.ro\/#\/schema\/person\/image\/","url":"https:\/\/www.aripisprecer.ro\/cnt\/litespeed\/avatar\/3d8cb5212360e82cdc7951b5bf95e33f.jpg?ver=1777302833","contentUrl":"https:\/\/www.aripisprecer.ro\/cnt\/litespeed\/avatar\/3d8cb5212360e82cdc7951b5bf95e33f.jpg?ver=1777302833","caption":"Laura Dobrin"},"url":"https:\/\/www.aripisprecer.ro\/profil\/laura\/"}]}},"_links":{"self":[{"href":"https:\/\/www.aripisprecer.ro\/aripi-json\/wp\/v2\/posts\/5145","targetHints":{"allow":["GET"]}}],"collection":[{"href":"https:\/\/www.aripisprecer.ro\/aripi-json\/wp\/v2\/posts"}],"about":[{"href":"https:\/\/www.aripisprecer.ro\/aripi-json\/wp\/v2\/types\/post"}],"author":[{"embeddable":true,"href":"https:\/\/www.aripisprecer.ro\/aripi-json\/wp\/v2\/users\/184"}],"replies":[{"embeddable":true,"href":"https:\/\/www.aripisprecer.ro\/aripi-json\/wp\/v2\/comments?post=5145"}],"version-history":[{"count":4,"href":"https:\/\/www.aripisprecer.ro\/aripi-json\/wp\/v2\/posts\/5145\/revisions"}],"predecessor-version":[{"id":5150,"href":"https:\/\/www.aripisprecer.ro\/aripi-json\/wp\/v2\/posts\/5145\/revisions\/5150"}],"wp:featuredmedia":[{"embeddable":true,"href":"https:\/\/www.aripisprecer.ro\/aripi-json\/wp\/v2\/media\/5147"}],"wp:attachment":[{"href":"https:\/\/www.aripisprecer.ro\/aripi-json\/wp\/v2\/media?parent=5145"}],"wp:term":[{"taxonomy":"category","embeddable":true,"href":"https:\/\/www.aripisprecer.ro\/aripi-json\/wp\/v2\/categories?post=5145"},{"taxonomy":"post_tag","embeddable":true,"href":"https:\/\/www.aripisprecer.ro\/aripi-json\/wp\/v2\/tags?post=5145"}],"curies":[{"name":"wp","href":"https:\/\/api.w.org\/{rel}","templated":true}]}}