{"id":5219,"date":"2021-09-14T20:17:23","date_gmt":"2021-09-14T18:17:23","guid":{"rendered":"https:\/\/www.aripisprecer.ro\/?p=5219"},"modified":"2021-12-15T13:07:43","modified_gmt":"2021-12-15T11:07:43","slug":"pacea","status":"publish","type":"post","link":"https:\/\/www.aripisprecer.ro\/2021\/09\/14\/pacea\/","title":{"rendered":"Pacea"},"content":{"rendered":"\n<p><strong>\u00centr-o lume plin\u0103 de \u00eengrijor\u0103ri, temeri, frici, mul\u021bi au uitat de lini\u0219tea \u0219i bucuria pe care doar pacea le poate aduce.<\/strong><\/p>\n<p>E foarte interesant\u0103 pacea lui Isus. Pacea pe care o avea \u00een anumite situa\u021bii \u00een care cei din jur erau dispera\u021bi, se sim\u021beau pierdu\u021bi. Pacea pe care El o avea in barc\u0103 \u00een mijlocul furtunii, pacea pe care o avea c\u00e2nd a \u00eenviat-o pe fiica lui Iair \u00een timp ce, cei din cas\u0103 pl\u00e2ngeau.<\/p>\n<p>De ce? Pentru c\u0103 pacea vine \u00een urma credin\u021bei. C\u00e2nd \u0219tii c\u0103 Dumnezeu te poart\u0103 pe bra\u021be, c\u00e2nd toat\u0103 via\u021ba ta e \u00een controlul S\u0103u, nimic nu-\u021bi poate tulbura inima. Citisem undeva, cu mult timp \u00een urm\u0103 un lucru ce m-a f\u0103cut s\u0103 cuget pu\u021bin la pacea pe care eu o tr\u0103iesc, s\u0103 m\u0103 \u00eentreb dac\u0103 tr\u0103iesc &nbsp;pacea ce vine de la Tat\u0103l.<\/p>\n<blockquote>\n<h3><span style=\"color: #0000ff;\">\u201eCine crede cu adev\u0103rat are pace \u0219i \u00een spaima nop\u021bii \u0219i poate s\u0103 doarm\u0103 chiar \u0219i \u00een noaptea dinaintea execu\u021biei.\u201d Ce minunat, nu? S\u0103 po\u021bi sta lini\u0219tit, cople\u0219it de pacea Lui, pe cruce, \u0219tiind c\u0103 totul e \u00een m\u00e2na unui Tat\u0103 iubitor.<\/span><\/h3>\n<\/blockquote>\n<p>De multe ori afla\u021bi \u00een mijlocul unor circumstan\u021be dificile, alegem s\u0103 lu\u0103m noi propriile decizii, ne gr\u0103bim s\u0103 alegem ceva, s\u0103 facem ceva pentru a ie\u0219i c\u00e2t mai repede din ele. \u00cens\u0103 drumul este deja trasat, calea este deja creat\u0103, \u0219i tot ceea ce ne reiese nou\u0103 este s\u0103 a\u0219tept\u0103m. S\u0103 st\u0103m pe marginea drumului plini de pace, cu o inim\u0103 lini\u0219tit\u0103, s\u0103 fim preg\u0103ti\u021bi pentru momentul \u00een care Dumnezeu ne va lua de m\u00e2n\u0103 \u0219i va porni cu noi la drum.<\/p>\n<p>Uneori e a\u0219a greu s\u0103 stai \u00een pace, s\u0103 nu te g\u00e2nde\u0219ti la faptul c\u0103 trebuie s\u0103 iei o hot\u0103r\u00e2re, ci s\u0103 te \u00eencrezi \u00een El, \u00een alegerea Lui, s\u0103 ai \u00eencredere c\u0103 Tat\u0103l va alege pentru tine. Iar atunci c\u00e2nd El alege, se nasc binecuv\u00e2nt\u0103ri divine. Suntem a\u0219a pentru c\u0103 ne-am obi\u0219nuit s\u0103 fim proprii no\u0219tri st\u0103p\u00e2ni. Nu mai avem r\u0103bdare, ci vrem totul, \u0219i dac\u0103 se poate, s\u0103-l primim acum.<\/p>\n<p>Dumnezeu ne trece prin \u00eencerc\u0103ri pentru a ne face s\u0103 \u00een\u021belegem c\u0103 El este St\u0103p\u00e2nul nostru. C\u0103 \u00een El trebuie s\u0103 ne \u00eencredem. Nu \u00een puterile noastre ci \u00een puterile Lui. El asta \u00ee\u0219i dore\u0219te. S\u0103-i recunoa\u0219tem puterea, autoritatea \u00een via\u021ba noastr\u0103.<\/p>\n<p>S\u0103 alerg\u0103m zilnic dup\u0103 pacea ce vine din Cer. S\u0103 o c\u0103ut\u0103m ne\u00eencetat. S\u0103 o gust\u0103m. Odat\u0103 ce ai dat de ea, nu o mai po\u021bi pierde. E cel mai cople\u0219itor sentiment.<\/p>\n<blockquote>\n<h3><span style=\"color: #0000ff;\">&nbsp;\u201eUrm\u0103ri\u021bi <strong>pacea<\/strong> cu to\u021bii \u0219i sfin\u021birea, f\u0103r\u0103 care nimeni nu va vedea pe Domnul.\u201d Evrei 12:14<\/span>&nbsp; &nbsp; &nbsp; &nbsp; &nbsp; &nbsp; &nbsp; &nbsp; &nbsp;&nbsp;<\/h3>\n<\/blockquote>\n<ul>\n<li>Dac\u0103 v-a \u00eencurajat acest articol, pute\u021bi citi \u0219i articolul <a href=\"https:\/\/www.aripisprecer.ro\/2021\/09\/10\/bucuria\/\">Bucuria.<\/a><\/li>\n<li>Pentru mai multe detalii, pute\u021bi accesa pagina noastr\u0103 de&nbsp;<a href=\"https:\/\/www.facebook.com\/aripisprecer.ro\">Facebook<\/a>.<\/li>\n<\/ul>\n","protected":false},"excerpt":{"rendered":"<p>\u00centr-o lume plin\u0103 de \u00eengrijor\u0103ri, temeri, frici, mul\u021bi au uitat de lini\u0219tea \u0219i bucuria pe care doar pacea le poate aduce.<\/p>\n<p>E foarte interesant\u0103 pacea lui Isus. Pacea pe care o avea \u00een anumite situa\u021bii \u00een care cei din jur erau dispera\u021bi, se sim\u021beau pierdu\u021bi. Pacea pe care El o avea in barc\u0103 \u00een mijlocul furtunii, pacea pe care o avea c\u00e2nd a \u00eenviat-o pe fiica lui Iair \u00een timp ce, cei din cas\u0103 pl\u00e2ngeau.<\/p>\n","protected":false},"author":183,"featured_media":5220,"comment_status":"closed","ping_status":"open","sticky":false,"template":"","format":"standard","meta":{"footnotes":""},"categories":[67,74],"tags":[129],"class_list":["post-5219","post","type-post","status-publish","format-standard","has-post-thumbnail","hentry","category-articole","category-devotionale","tag-pacea"],"yoast_head":"<!-- This site is optimized with the Yoast SEO Premium plugin v22.3 (Yoast SEO v27.1.1) - https:\/\/yoast.com\/product\/yoast-seo-premium-wordpress\/ -->\n<title>Pacea - Radio Crestin Aripi Spre Cer Online<\/title>\n<meta name=\"description\" content=\"Pacea vine \u00een urma credin\u021bei. C\u00e2nd \u0219tii c\u0103 Dumnezeu te poart\u0103 pe bra\u021be, nimic nu-\u021bi poate tulbura inima.\" \/>\n<meta name=\"robots\" content=\"index, follow, max-snippet:-1, max-image-preview:large, max-video-preview:-1\" \/>\n<link rel=\"canonical\" href=\"https:\/\/www.aripisprecer.ro\/2021\/09\/14\/pacea\/\" \/>\n<meta property=\"og:locale\" content=\"ro_RO\" \/>\n<meta property=\"og:type\" content=\"article\" \/>\n<meta property=\"og:title\" content=\"Pacea - Radio Crestin Aripi Spre Cer Online\" \/>\n<meta property=\"og:description\" content=\"Pacea vine \u00een urma credin\u021bei. C\u00e2nd \u0219tii c\u0103 Dumnezeu te poart\u0103 pe bra\u021be, nimic nu-\u021bi poate tulbura inima.\" \/>\n<meta property=\"og:url\" content=\"https:\/\/www.aripisprecer.ro\/2021\/09\/14\/pacea\/\" \/>\n<meta property=\"og:site_name\" content=\"Radio Crestin Aripi Spre Cer Online\" \/>\n<meta property=\"article:publisher\" content=\"https:\/\/www.facebook.com\/aripisprecer.ro\/\" \/>\n<meta property=\"article:published_time\" content=\"2021-09-14T18:17:23+00:00\" \/>\n<meta property=\"article:modified_time\" content=\"2021-12-15T11:07:43+00:00\" \/>\n<meta property=\"og:image\" content=\"https:\/\/www.aripisprecer.ro\/upd\/2021\/09\/pexels-s-migaj-747964-scaled.jpg\" \/>\n\t<meta property=\"og:image:width\" content=\"2560\" \/>\n\t<meta property=\"og:image:height\" content=\"1616\" \/>\n\t<meta property=\"og:image:type\" content=\"image\/jpeg\" \/>\n<meta name=\"author\" content=\"Costin Lorena\" \/>\n<meta name=\"twitter:card\" content=\"summary_large_image\" \/>\n<meta name=\"twitter:creator\" content=\"@RadioCrestin\" \/>\n<meta name=\"twitter:site\" content=\"@RadioCrestin\" \/>\n<meta name=\"twitter:label1\" content=\"Scris de\" \/>\n\t<meta name=\"twitter:data1\" content=\"Costin Lorena\" \/>\n\t<meta name=\"twitter:label2\" content=\"Timp estimat pentru citire\" \/>\n\t<meta name=\"twitter:data2\" content=\"2 minute\" \/>\n<script type=\"application\/ld+json\" class=\"yoast-schema-graph\">{\"@context\":\"https:\/\/schema.org\",\"@graph\":[{\"@type\":\"Article\",\"@id\":\"https:\/\/www.aripisprecer.ro\/2021\/09\/14\/pacea\/#article\",\"isPartOf\":{\"@id\":\"https:\/\/www.aripisprecer.ro\/2021\/09\/14\/pacea\/\"},\"author\":{\"name\":\"Costin Lorena\",\"@id\":\"https:\/\/www.aripisprecer.ro\/#\/schema\/person\/36caeabb2cfcd74f9abe22a650d55c94\"},\"headline\":\"Pacea\",\"datePublished\":\"2021-09-14T18:17:23+00:00\",\"dateModified\":\"2021-12-15T11:07:43+00:00\",\"mainEntityOfPage\":{\"@id\":\"https:\/\/www.aripisprecer.ro\/2021\/09\/14\/pacea\/\"},\"wordCount\":536,\"publisher\":{\"@id\":\"https:\/\/www.aripisprecer.ro\/#organization\"},\"image\":{\"@id\":\"https:\/\/www.aripisprecer.ro\/2021\/09\/14\/pacea\/#primaryimage\"},\"thumbnailUrl\":\"https:\/\/www.aripisprecer.ro\/upd\/2021\/09\/pexels-s-migaj-747964-scaled.jpg\",\"keywords\":[\"pacea\"],\"articleSection\":[\"Articole\",\"Devotionale\"],\"inLanguage\":\"ro-RO\"},{\"@type\":\"WebPage\",\"@id\":\"https:\/\/www.aripisprecer.ro\/2021\/09\/14\/pacea\/\",\"url\":\"https:\/\/www.aripisprecer.ro\/2021\/09\/14\/pacea\/\",\"name\":\"Pacea - Radio Crestin Aripi Spre Cer Online\",\"isPartOf\":{\"@id\":\"https:\/\/www.aripisprecer.ro\/#website\"},\"primaryImageOfPage\":{\"@id\":\"https:\/\/www.aripisprecer.ro\/2021\/09\/14\/pacea\/#primaryimage\"},\"image\":{\"@id\":\"https:\/\/www.aripisprecer.ro\/2021\/09\/14\/pacea\/#primaryimage\"},\"thumbnailUrl\":\"https:\/\/www.aripisprecer.ro\/upd\/2021\/09\/pexels-s-migaj-747964-scaled.jpg\",\"datePublished\":\"2021-09-14T18:17:23+00:00\",\"dateModified\":\"2021-12-15T11:07:43+00:00\",\"description\":\"Pacea vine \u00een urma credin\u021bei. C\u00e2nd \u0219tii c\u0103 Dumnezeu te poart\u0103 pe bra\u021be, nimic nu-\u021bi poate tulbura inima.\",\"inLanguage\":\"ro-RO\",\"potentialAction\":[{\"@type\":\"ReadAction\",\"target\":[\"https:\/\/www.aripisprecer.ro\/2021\/09\/14\/pacea\/\"]}]},{\"@type\":\"ImageObject\",\"inLanguage\":\"ro-RO\",\"@id\":\"https:\/\/www.aripisprecer.ro\/2021\/09\/14\/pacea\/#primaryimage\",\"url\":\"https:\/\/www.aripisprecer.ro\/upd\/2021\/09\/pexels-s-migaj-747964-scaled.jpg\",\"contentUrl\":\"https:\/\/www.aripisprecer.ro\/upd\/2021\/09\/pexels-s-migaj-747964-scaled.jpg\",\"width\":2560,\"height\":1616,\"caption\":\"pexel.com\"},{\"@type\":\"WebSite\",\"@id\":\"https:\/\/www.aripisprecer.ro\/#website\",\"url\":\"https:\/\/www.aripisprecer.ro\/\",\"name\":\"Radio Crestin Aripi Spre Cer Online\",\"description\":\"Radio crestin online: muzica crestina, predici, mesaje biblice, emisiuni \u00een direct, preferin\u021be muzicale\",\"publisher\":{\"@id\":\"https:\/\/www.aripisprecer.ro\/#organization\"},\"potentialAction\":[{\"@type\":\"SearchAction\",\"target\":{\"@type\":\"EntryPoint\",\"urlTemplate\":\"https:\/\/www.aripisprecer.ro\/?s={search_term_string}\"},\"query-input\":{\"@type\":\"PropertyValueSpecification\",\"valueRequired\":true,\"valueName\":\"search_term_string\"}}],\"inLanguage\":\"ro-RO\"},{\"@type\":\"Organization\",\"@id\":\"https:\/\/www.aripisprecer.ro\/#organization\",\"name\":\"Radio Crestin Aripi Spre Cer Online\",\"url\":\"https:\/\/www.aripisprecer.ro\/\",\"logo\":{\"@type\":\"ImageObject\",\"inLanguage\":\"ro-RO\",\"@id\":\"https:\/\/www.aripisprecer.ro\/#\/schema\/logo\/image\/\",\"url\":\"https:\/\/www.aripisprecer.ro\/upd\/2016\/09\/logo_aripi.png\",\"contentUrl\":\"https:\/\/www.aripisprecer.ro\/upd\/2016\/09\/logo_aripi.png\",\"width\":330,\"height\":120,\"caption\":\"Radio Crestin Aripi Spre Cer Online\"},\"image\":{\"@id\":\"https:\/\/www.aripisprecer.ro\/#\/schema\/logo\/image\/\"},\"sameAs\":[\"https:\/\/www.facebook.com\/aripisprecer.ro\/\",\"https:\/\/x.com\/RadioCrestin\",\"https:\/\/www.youtube.com\/channel\/UCxDyeO_poUL1wxls-ToZP2Q\"]},{\"@type\":\"Person\",\"@id\":\"https:\/\/www.aripisprecer.ro\/#\/schema\/person\/36caeabb2cfcd74f9abe22a650d55c94\",\"name\":\"Costin Lorena\",\"image\":{\"@type\":\"ImageObject\",\"inLanguage\":\"ro-RO\",\"@id\":\"https:\/\/www.aripisprecer.ro\/#\/schema\/person\/image\/\",\"url\":\"https:\/\/www.aripisprecer.ro\/cnt\/litespeed\/avatar\/a8860d6441270a0b8029ebc457970cb0.jpg?ver=1777281768\",\"contentUrl\":\"https:\/\/www.aripisprecer.ro\/cnt\/litespeed\/avatar\/a8860d6441270a0b8029ebc457970cb0.jpg?ver=1777281768\",\"caption\":\"Costin Lorena\"},\"url\":\"https:\/\/www.aripisprecer.ro\/profil\/lorena\/\"}]}<\/script>\n<!-- \/ Yoast SEO Premium plugin. -->","yoast_head_json":{"title":"Pacea - Radio Crestin Aripi Spre Cer Online","description":"Pacea vine \u00een urma credin\u021bei. C\u00e2nd \u0219tii c\u0103 Dumnezeu te poart\u0103 pe bra\u021be, nimic nu-\u021bi poate tulbura inima.","robots":{"index":"index","follow":"follow","max-snippet":"max-snippet:-1","max-image-preview":"max-image-preview:large","max-video-preview":"max-video-preview:-1"},"canonical":"https:\/\/www.aripisprecer.ro\/2021\/09\/14\/pacea\/","og_locale":"ro_RO","og_type":"article","og_title":"Pacea - Radio Crestin Aripi Spre Cer Online","og_description":"Pacea vine \u00een urma credin\u021bei. C\u00e2nd \u0219tii c\u0103 Dumnezeu te poart\u0103 pe bra\u021be, nimic nu-\u021bi poate tulbura inima.","og_url":"https:\/\/www.aripisprecer.ro\/2021\/09\/14\/pacea\/","og_site_name":"Radio Crestin Aripi Spre Cer Online","article_publisher":"https:\/\/www.facebook.com\/aripisprecer.ro\/","article_published_time":"2021-09-14T18:17:23+00:00","article_modified_time":"2021-12-15T11:07:43+00:00","og_image":[{"width":2560,"height":1616,"url":"https:\/\/www.aripisprecer.ro\/upd\/2021\/09\/pexels-s-migaj-747964-scaled.jpg","type":"image\/jpeg"}],"author":"Costin Lorena","twitter_card":"summary_large_image","twitter_creator":"@RadioCrestin","twitter_site":"@RadioCrestin","twitter_misc":{"Scris de":"Costin Lorena","Timp estimat pentru citire":"2 minute"},"schema":{"@context":"https:\/\/schema.org","@graph":[{"@type":"Article","@id":"https:\/\/www.aripisprecer.ro\/2021\/09\/14\/pacea\/#article","isPartOf":{"@id":"https:\/\/www.aripisprecer.ro\/2021\/09\/14\/pacea\/"},"author":{"name":"Costin Lorena","@id":"https:\/\/www.aripisprecer.ro\/#\/schema\/person\/36caeabb2cfcd74f9abe22a650d55c94"},"headline":"Pacea","datePublished":"2021-09-14T18:17:23+00:00","dateModified":"2021-12-15T11:07:43+00:00","mainEntityOfPage":{"@id":"https:\/\/www.aripisprecer.ro\/2021\/09\/14\/pacea\/"},"wordCount":536,"publisher":{"@id":"https:\/\/www.aripisprecer.ro\/#organization"},"image":{"@id":"https:\/\/www.aripisprecer.ro\/2021\/09\/14\/pacea\/#primaryimage"},"thumbnailUrl":"https:\/\/www.aripisprecer.ro\/upd\/2021\/09\/pexels-s-migaj-747964-scaled.jpg","keywords":["pacea"],"articleSection":["Articole","Devotionale"],"inLanguage":"ro-RO"},{"@type":"WebPage","@id":"https:\/\/www.aripisprecer.ro\/2021\/09\/14\/pacea\/","url":"https:\/\/www.aripisprecer.ro\/2021\/09\/14\/pacea\/","name":"Pacea - Radio Crestin Aripi Spre Cer Online","isPartOf":{"@id":"https:\/\/www.aripisprecer.ro\/#website"},"primaryImageOfPage":{"@id":"https:\/\/www.aripisprecer.ro\/2021\/09\/14\/pacea\/#primaryimage"},"image":{"@id":"https:\/\/www.aripisprecer.ro\/2021\/09\/14\/pacea\/#primaryimage"},"thumbnailUrl":"https:\/\/www.aripisprecer.ro\/upd\/2021\/09\/pexels-s-migaj-747964-scaled.jpg","datePublished":"2021-09-14T18:17:23+00:00","dateModified":"2021-12-15T11:07:43+00:00","description":"Pacea vine \u00een urma credin\u021bei. C\u00e2nd \u0219tii c\u0103 Dumnezeu te poart\u0103 pe bra\u021be, nimic nu-\u021bi poate tulbura inima.","inLanguage":"ro-RO","potentialAction":[{"@type":"ReadAction","target":["https:\/\/www.aripisprecer.ro\/2021\/09\/14\/pacea\/"]}]},{"@type":"ImageObject","inLanguage":"ro-RO","@id":"https:\/\/www.aripisprecer.ro\/2021\/09\/14\/pacea\/#primaryimage","url":"https:\/\/www.aripisprecer.ro\/upd\/2021\/09\/pexels-s-migaj-747964-scaled.jpg","contentUrl":"https:\/\/www.aripisprecer.ro\/upd\/2021\/09\/pexels-s-migaj-747964-scaled.jpg","width":2560,"height":1616,"caption":"pexel.com"},{"@type":"WebSite","@id":"https:\/\/www.aripisprecer.ro\/#website","url":"https:\/\/www.aripisprecer.ro\/","name":"Radio Crestin Aripi Spre Cer Online","description":"Radio crestin online: muzica crestina, predici, mesaje biblice, emisiuni \u00een direct, preferin\u021be muzicale","publisher":{"@id":"https:\/\/www.aripisprecer.ro\/#organization"},"potentialAction":[{"@type":"SearchAction","target":{"@type":"EntryPoint","urlTemplate":"https:\/\/www.aripisprecer.ro\/?s={search_term_string}"},"query-input":{"@type":"PropertyValueSpecification","valueRequired":true,"valueName":"search_term_string"}}],"inLanguage":"ro-RO"},{"@type":"Organization","@id":"https:\/\/www.aripisprecer.ro\/#organization","name":"Radio Crestin Aripi Spre Cer Online","url":"https:\/\/www.aripisprecer.ro\/","logo":{"@type":"ImageObject","inLanguage":"ro-RO","@id":"https:\/\/www.aripisprecer.ro\/#\/schema\/logo\/image\/","url":"https:\/\/www.aripisprecer.ro\/upd\/2016\/09\/logo_aripi.png","contentUrl":"https:\/\/www.aripisprecer.ro\/upd\/2016\/09\/logo_aripi.png","width":330,"height":120,"caption":"Radio Crestin Aripi Spre Cer Online"},"image":{"@id":"https:\/\/www.aripisprecer.ro\/#\/schema\/logo\/image\/"},"sameAs":["https:\/\/www.facebook.com\/aripisprecer.ro\/","https:\/\/x.com\/RadioCrestin","https:\/\/www.youtube.com\/channel\/UCxDyeO_poUL1wxls-ToZP2Q"]},{"@type":"Person","@id":"https:\/\/www.aripisprecer.ro\/#\/schema\/person\/36caeabb2cfcd74f9abe22a650d55c94","name":"Costin Lorena","image":{"@type":"ImageObject","inLanguage":"ro-RO","@id":"https:\/\/www.aripisprecer.ro\/#\/schema\/person\/image\/","url":"https:\/\/www.aripisprecer.ro\/cnt\/litespeed\/avatar\/a8860d6441270a0b8029ebc457970cb0.jpg?ver=1777281768","contentUrl":"https:\/\/www.aripisprecer.ro\/cnt\/litespeed\/avatar\/a8860d6441270a0b8029ebc457970cb0.jpg?ver=1777281768","caption":"Costin Lorena"},"url":"https:\/\/www.aripisprecer.ro\/profil\/lorena\/"}]}},"_links":{"self":[{"href":"https:\/\/www.aripisprecer.ro\/aripi-json\/wp\/v2\/posts\/5219","targetHints":{"allow":["GET"]}}],"collection":[{"href":"https:\/\/www.aripisprecer.ro\/aripi-json\/wp\/v2\/posts"}],"about":[{"href":"https:\/\/www.aripisprecer.ro\/aripi-json\/wp\/v2\/types\/post"}],"author":[{"embeddable":true,"href":"https:\/\/www.aripisprecer.ro\/aripi-json\/wp\/v2\/users\/183"}],"replies":[{"embeddable":true,"href":"https:\/\/www.aripisprecer.ro\/aripi-json\/wp\/v2\/comments?post=5219"}],"version-history":[{"count":2,"href":"https:\/\/www.aripisprecer.ro\/aripi-json\/wp\/v2\/posts\/5219\/revisions"}],"predecessor-version":[{"id":5223,"href":"https:\/\/www.aripisprecer.ro\/aripi-json\/wp\/v2\/posts\/5219\/revisions\/5223"}],"wp:featuredmedia":[{"embeddable":true,"href":"https:\/\/www.aripisprecer.ro\/aripi-json\/wp\/v2\/media\/5220"}],"wp:attachment":[{"href":"https:\/\/www.aripisprecer.ro\/aripi-json\/wp\/v2\/media?parent=5219"}],"wp:term":[{"taxonomy":"category","embeddable":true,"href":"https:\/\/www.aripisprecer.ro\/aripi-json\/wp\/v2\/categories?post=5219"},{"taxonomy":"post_tag","embeddable":true,"href":"https:\/\/www.aripisprecer.ro\/aripi-json\/wp\/v2\/tags?post=5219"}],"curies":[{"name":"wp","href":"https:\/\/api.w.org\/{rel}","templated":true}]}}