{"id":5259,"date":"2021-10-19T20:36:08","date_gmt":"2021-10-19T18:36:08","guid":{"rendered":"https:\/\/www.aripisprecer.ro\/?p=5259"},"modified":"2021-12-15T13:07:39","modified_gmt":"2021-12-15T11:07:39","slug":"virgula-sau-punct","status":"publish","type":"post","link":"https:\/\/www.aripisprecer.ro\/2021\/10\/19\/virgula-sau-punct\/","title":{"rendered":"Virgul\u0103 sau punct?"},"content":{"rendered":"\n<p>De multe ori fiind \u00een anumite situa\u021bii \u0219i circumstan\u021be, ne gr\u0103bim s\u0103 lu\u0103m propriile hot\u0103r\u00e2ri. \u00cen acele momente ne g\u00e2ndim doar dac\u0103 va fi virgul\u0103 sau punct cu privire la tr\u0103irea respectiv\u0103.<\/p>\n<p>Fie c\u0103 e vorba de o rela\u021bie, un loc de munc\u0103 sau o facultate, alegerile pe care le facem, vor fi urmate de consecin\u021be. E\u0219ti lene\u0219, vei sf\u00e2r\u0219i s\u0103rac. E\u0219ti muncitor, vei sf\u00e2r\u0219i bogat. Orice ac\u021biune e urmat\u0103 de o consecin\u021b\u0103 fie ea bun\u0103 sau rea.<\/p>\n<h4>Ce \u00eemi place cel mai mult e momentul \u00een care las hot\u0103r\u00e2rea \u00een m\u00e2na Domnului. Momentul \u00een care umerii mei devin mai u\u0219ori datorit\u0103 eliber\u0103rii poverii duse. Pentru c\u0103 Dumnezeu cunoa\u0219te mult mai bine dec\u00e2t mine sf\u00e2r\u0219itul sau continuarea unui lucru.<\/h4>\n<p>Din p\u0103cate, de multe ori ajungem s\u0103 ne compromitem, fie \u00eentr-o rela\u021bie, fie la locul de munc\u0103. De ce? Pentru c\u0103 ne-am obi\u0219nuit acolo unde suntem, pentru c\u0103 g\u0103sim mereu scuze, doar pentru a putea continua cu locul \u00een care am stat at\u00e2ta timp. Din obi\u0219nuin\u021b\u0103, din fric\u0103 de a nu da peste ceva mai r\u0103u. Din temere. \u0218i \u00een astfel de situa\u021bii alegem s\u0103 punem o virgul\u0103, s\u0103 continu\u0103m mai departe pe acela\u0219i drum plin de virgule, plin de semne pe care refuz\u0103m s\u0103 le vedem de dragul lucrului pe care \u00eel de\u021binem.<\/p>\n<p>\u00cen aceste momente virgula noastr\u0103 este de fapt punctul lui Dumnezeu. Sau cel pu\u021bin asta ar trebui s\u0103 fie. Noi punem <strong>VIRGUL\u0102<\/strong> c\u00e2nd Dumnezeu strig\u0103 la noi s\u0103 punem <strong>PUNCT.<\/strong><\/p>\n<blockquote>\n<h4><span style=\"color: #9c782c;\">Rug\u0103ciune:<\/span><\/h4>\n<p><span style=\"color: #000000;\"><strong>Doamne ajut\u0103-ne s\u0103 avem puterea de a l\u0103sa totul \u00een bra\u021bul T\u0103u, \u0219tiind c\u0103 e\u0219ti \u00een control. <\/strong><\/span><\/p>\n<p><span style=\"color: #000000;\"><strong>Noi vedem ziua de m\u00e2ine, Tu vezi ce va fi peste un deceniu. <\/strong><\/span><\/p>\n<p><span style=\"color: #000000;\"><strong>Noi vedem \u00eenceputul drumului c\u00e2nd Tu deja prive\u0219ti spre sf\u00e2r\u0219itul lui. <\/strong><\/span><\/p>\n<p><span style=\"color: #000000;\"><strong>Am siguran\u021ba c\u0103 Tu lucrezi \u00een via\u021ba mea. Am lini\u0219te de c\u00e2nd am ales s\u0103 las totul \u00een controlul T\u0103u. Te rog s\u0103 iei tu deciziile pentru mine. S\u0103 alegi tu dac\u0103 trebuie s\u0103 fie virgul\u0103 sau punct. \u00ce\u021bi mul\u021bumesc c\u0103 m\u0103 ascul\u021bi. <\/strong><\/span><\/p>\n<p><span style=\"color: #000000;\"><strong>Amin<\/strong><\/span><\/p>\n<p>&nbsp;<\/p>\n<\/blockquote>\n<ul>\n<li>Dac\u0103 v-a \u00eencurajat acest articol, pute\u021bi citi \u0219i articolul <a href=\"https:\/\/www.aripisprecer.ro\/2021\/10\/12\/cum-ar-fi\/\">Cum ar fi? <\/a><\/li>\n<li>Pentru mai multe detalii, pute\u021bi accesa pagina noastr\u0103 de&nbsp;<a href=\"https:\/\/www.facebook.com\/aripisprecer.ro\">Facebook<\/a>.<\/li>\n<\/ul>\n","protected":false},"excerpt":{"rendered":"<p>Ce \u00eemi place cel mai mult e momentul \u00een care las hot\u0103r\u00e2rea \u00een m\u00e2na Domnului. Momentul \u00een care umerii mei devin mai u\u0219ori datorit\u0103 eliber\u0103rii poverii duse. Pentru c\u0103 Dumnezeu cunoa\u0219te mult mai bine dec\u00e2t mine sf\u00e2r\u0219itul sau continuarea unui lucru.<\/p>\n","protected":false},"author":183,"featured_media":5260,"comment_status":"closed","ping_status":"open","sticky":false,"template":"","format":"standard","meta":{"footnotes":""},"categories":[67,70],"tags":[138],"class_list":["post-5259","post","type-post","status-publish","format-standard","has-post-thumbnail","hentry","category-articole","category-meditatii-crestine","tag-virgula-sau-punct"],"yoast_head":"<!-- This site is optimized with the Yoast SEO Premium plugin v22.3 (Yoast SEO v27.1.1) - https:\/\/yoast.com\/product\/yoast-seo-premium-wordpress\/ -->\n<title>Virgul\u0103 sau punct? - Radio Crestin Aripi Spre Cer Online<\/title>\n<meta name=\"description\" content=\"Virgul\u0103 sau punct? Ce alegi \u00een situa\u021bia \u00een care te afli? De multe ori noi punem VIRGUL\u0102 c\u00e2nd Dumnezeu strig\u0103 la noi s\u0103 punem PUNCT.\" \/>\n<meta name=\"robots\" content=\"index, follow, max-snippet:-1, max-image-preview:large, max-video-preview:-1\" \/>\n<link rel=\"canonical\" href=\"https:\/\/www.aripisprecer.ro\/2021\/10\/19\/virgula-sau-punct\/\" \/>\n<meta property=\"og:locale\" content=\"ro_RO\" \/>\n<meta property=\"og:type\" content=\"article\" \/>\n<meta property=\"og:title\" content=\"Virgul\u0103 sau punct? - Radio Crestin Aripi Spre Cer Online\" \/>\n<meta property=\"og:description\" content=\"Virgul\u0103 sau punct? Ce alegi \u00een situa\u021bia \u00een care te afli? De multe ori noi punem VIRGUL\u0102 c\u00e2nd Dumnezeu strig\u0103 la noi s\u0103 punem PUNCT.\" \/>\n<meta property=\"og:url\" content=\"https:\/\/www.aripisprecer.ro\/2021\/10\/19\/virgula-sau-punct\/\" \/>\n<meta property=\"og:site_name\" content=\"Radio Crestin Aripi Spre Cer Online\" \/>\n<meta property=\"article:publisher\" content=\"https:\/\/www.facebook.com\/aripisprecer.ro\/\" \/>\n<meta property=\"article:published_time\" content=\"2021-10-19T18:36:08+00:00\" \/>\n<meta property=\"article:modified_time\" content=\"2021-12-15T11:07:39+00:00\" \/>\n<meta property=\"og:image\" content=\"https:\/\/www.aripisprecer.ro\/upd\/2021\/10\/pexels-olya-kobruseva-5428833-scaled.jpg\" \/>\n\t<meta property=\"og:image:width\" content=\"1709\" \/>\n\t<meta property=\"og:image:height\" content=\"2560\" \/>\n\t<meta property=\"og:image:type\" content=\"image\/jpeg\" \/>\n<meta name=\"author\" content=\"Costin Lorena\" \/>\n<meta name=\"twitter:card\" content=\"summary_large_image\" \/>\n<meta name=\"twitter:creator\" content=\"@RadioCrestin\" \/>\n<meta name=\"twitter:site\" content=\"@RadioCrestin\" \/>\n<meta name=\"twitter:label1\" content=\"Scris de\" \/>\n\t<meta name=\"twitter:data1\" content=\"Costin Lorena\" \/>\n\t<meta name=\"twitter:label2\" content=\"Timp estimat pentru citire\" \/>\n\t<meta name=\"twitter:data2\" content=\"2 minute\" \/>\n<script type=\"application\/ld+json\" class=\"yoast-schema-graph\">{\"@context\":\"https:\/\/schema.org\",\"@graph\":[{\"@type\":\"Article\",\"@id\":\"https:\/\/www.aripisprecer.ro\/2021\/10\/19\/virgula-sau-punct\/#article\",\"isPartOf\":{\"@id\":\"https:\/\/www.aripisprecer.ro\/2021\/10\/19\/virgula-sau-punct\/\"},\"author\":{\"name\":\"Costin Lorena\",\"@id\":\"https:\/\/www.aripisprecer.ro\/#\/schema\/person\/36caeabb2cfcd74f9abe22a650d55c94\"},\"headline\":\"Virgul\u0103 sau punct?\",\"datePublished\":\"2021-10-19T18:36:08+00:00\",\"dateModified\":\"2021-12-15T11:07:39+00:00\",\"mainEntityOfPage\":{\"@id\":\"https:\/\/www.aripisprecer.ro\/2021\/10\/19\/virgula-sau-punct\/\"},\"wordCount\":417,\"publisher\":{\"@id\":\"https:\/\/www.aripisprecer.ro\/#organization\"},\"image\":{\"@id\":\"https:\/\/www.aripisprecer.ro\/2021\/10\/19\/virgula-sau-punct\/#primaryimage\"},\"thumbnailUrl\":\"https:\/\/www.aripisprecer.ro\/upd\/2021\/10\/pexels-olya-kobruseva-5428833-scaled.jpg\",\"keywords\":[\"virgul\u0103 sau punct\"],\"articleSection\":[\"Articole\",\"Meditatii crestine\"],\"inLanguage\":\"ro-RO\"},{\"@type\":\"WebPage\",\"@id\":\"https:\/\/www.aripisprecer.ro\/2021\/10\/19\/virgula-sau-punct\/\",\"url\":\"https:\/\/www.aripisprecer.ro\/2021\/10\/19\/virgula-sau-punct\/\",\"name\":\"Virgul\u0103 sau punct? - Radio Crestin Aripi Spre Cer Online\",\"isPartOf\":{\"@id\":\"https:\/\/www.aripisprecer.ro\/#website\"},\"primaryImageOfPage\":{\"@id\":\"https:\/\/www.aripisprecer.ro\/2021\/10\/19\/virgula-sau-punct\/#primaryimage\"},\"image\":{\"@id\":\"https:\/\/www.aripisprecer.ro\/2021\/10\/19\/virgula-sau-punct\/#primaryimage\"},\"thumbnailUrl\":\"https:\/\/www.aripisprecer.ro\/upd\/2021\/10\/pexels-olya-kobruseva-5428833-scaled.jpg\",\"datePublished\":\"2021-10-19T18:36:08+00:00\",\"dateModified\":\"2021-12-15T11:07:39+00:00\",\"description\":\"Virgul\u0103 sau punct? Ce alegi \u00een situa\u021bia \u00een care te afli? De multe ori noi punem VIRGUL\u0102 c\u00e2nd Dumnezeu strig\u0103 la noi s\u0103 punem PUNCT.\",\"inLanguage\":\"ro-RO\",\"potentialAction\":[{\"@type\":\"ReadAction\",\"target\":[\"https:\/\/www.aripisprecer.ro\/2021\/10\/19\/virgula-sau-punct\/\"]}]},{\"@type\":\"ImageObject\",\"inLanguage\":\"ro-RO\",\"@id\":\"https:\/\/www.aripisprecer.ro\/2021\/10\/19\/virgula-sau-punct\/#primaryimage\",\"url\":\"https:\/\/www.aripisprecer.ro\/upd\/2021\/10\/pexels-olya-kobruseva-5428833-scaled.jpg\",\"contentUrl\":\"https:\/\/www.aripisprecer.ro\/upd\/2021\/10\/pexels-olya-kobruseva-5428833-scaled.jpg\",\"width\":1709,\"height\":2560,\"caption\":\"virgul\u0103 sau punct\"},{\"@type\":\"WebSite\",\"@id\":\"https:\/\/www.aripisprecer.ro\/#website\",\"url\":\"https:\/\/www.aripisprecer.ro\/\",\"name\":\"Radio Crestin Aripi Spre Cer Online\",\"description\":\"Radio crestin online: muzica crestina, predici, mesaje biblice, emisiuni \u00een direct, preferin\u021be muzicale\",\"publisher\":{\"@id\":\"https:\/\/www.aripisprecer.ro\/#organization\"},\"potentialAction\":[{\"@type\":\"SearchAction\",\"target\":{\"@type\":\"EntryPoint\",\"urlTemplate\":\"https:\/\/www.aripisprecer.ro\/?s={search_term_string}\"},\"query-input\":{\"@type\":\"PropertyValueSpecification\",\"valueRequired\":true,\"valueName\":\"search_term_string\"}}],\"inLanguage\":\"ro-RO\"},{\"@type\":\"Organization\",\"@id\":\"https:\/\/www.aripisprecer.ro\/#organization\",\"name\":\"Radio Crestin Aripi Spre Cer Online\",\"url\":\"https:\/\/www.aripisprecer.ro\/\",\"logo\":{\"@type\":\"ImageObject\",\"inLanguage\":\"ro-RO\",\"@id\":\"https:\/\/www.aripisprecer.ro\/#\/schema\/logo\/image\/\",\"url\":\"https:\/\/www.aripisprecer.ro\/upd\/2016\/09\/logo_aripi.png\",\"contentUrl\":\"https:\/\/www.aripisprecer.ro\/upd\/2016\/09\/logo_aripi.png\",\"width\":330,\"height\":120,\"caption\":\"Radio Crestin Aripi Spre Cer Online\"},\"image\":{\"@id\":\"https:\/\/www.aripisprecer.ro\/#\/schema\/logo\/image\/\"},\"sameAs\":[\"https:\/\/www.facebook.com\/aripisprecer.ro\/\",\"https:\/\/x.com\/RadioCrestin\",\"https:\/\/www.youtube.com\/channel\/UCxDyeO_poUL1wxls-ToZP2Q\"]},{\"@type\":\"Person\",\"@id\":\"https:\/\/www.aripisprecer.ro\/#\/schema\/person\/36caeabb2cfcd74f9abe22a650d55c94\",\"name\":\"Costin Lorena\",\"image\":{\"@type\":\"ImageObject\",\"inLanguage\":\"ro-RO\",\"@id\":\"https:\/\/www.aripisprecer.ro\/#\/schema\/person\/image\/\",\"url\":\"https:\/\/www.aripisprecer.ro\/cnt\/litespeed\/avatar\/a8860d6441270a0b8029ebc457970cb0.jpg?ver=1777281768\",\"contentUrl\":\"https:\/\/www.aripisprecer.ro\/cnt\/litespeed\/avatar\/a8860d6441270a0b8029ebc457970cb0.jpg?ver=1777281768\",\"caption\":\"Costin Lorena\"},\"url\":\"https:\/\/www.aripisprecer.ro\/profil\/lorena\/\"}]}<\/script>\n<!-- \/ Yoast SEO Premium plugin. -->","yoast_head_json":{"title":"Virgul\u0103 sau punct? - Radio Crestin Aripi Spre Cer Online","description":"Virgul\u0103 sau punct? Ce alegi \u00een situa\u021bia \u00een care te afli? De multe ori noi punem VIRGUL\u0102 c\u00e2nd Dumnezeu strig\u0103 la noi s\u0103 punem PUNCT.","robots":{"index":"index","follow":"follow","max-snippet":"max-snippet:-1","max-image-preview":"max-image-preview:large","max-video-preview":"max-video-preview:-1"},"canonical":"https:\/\/www.aripisprecer.ro\/2021\/10\/19\/virgula-sau-punct\/","og_locale":"ro_RO","og_type":"article","og_title":"Virgul\u0103 sau punct? - Radio Crestin Aripi Spre Cer Online","og_description":"Virgul\u0103 sau punct? Ce alegi \u00een situa\u021bia \u00een care te afli? De multe ori noi punem VIRGUL\u0102 c\u00e2nd Dumnezeu strig\u0103 la noi s\u0103 punem PUNCT.","og_url":"https:\/\/www.aripisprecer.ro\/2021\/10\/19\/virgula-sau-punct\/","og_site_name":"Radio Crestin Aripi Spre Cer Online","article_publisher":"https:\/\/www.facebook.com\/aripisprecer.ro\/","article_published_time":"2021-10-19T18:36:08+00:00","article_modified_time":"2021-12-15T11:07:39+00:00","og_image":[{"width":1709,"height":2560,"url":"https:\/\/www.aripisprecer.ro\/upd\/2021\/10\/pexels-olya-kobruseva-5428833-scaled.jpg","type":"image\/jpeg"}],"author":"Costin Lorena","twitter_card":"summary_large_image","twitter_creator":"@RadioCrestin","twitter_site":"@RadioCrestin","twitter_misc":{"Scris de":"Costin Lorena","Timp estimat pentru citire":"2 minute"},"schema":{"@context":"https:\/\/schema.org","@graph":[{"@type":"Article","@id":"https:\/\/www.aripisprecer.ro\/2021\/10\/19\/virgula-sau-punct\/#article","isPartOf":{"@id":"https:\/\/www.aripisprecer.ro\/2021\/10\/19\/virgula-sau-punct\/"},"author":{"name":"Costin Lorena","@id":"https:\/\/www.aripisprecer.ro\/#\/schema\/person\/36caeabb2cfcd74f9abe22a650d55c94"},"headline":"Virgul\u0103 sau punct?","datePublished":"2021-10-19T18:36:08+00:00","dateModified":"2021-12-15T11:07:39+00:00","mainEntityOfPage":{"@id":"https:\/\/www.aripisprecer.ro\/2021\/10\/19\/virgula-sau-punct\/"},"wordCount":417,"publisher":{"@id":"https:\/\/www.aripisprecer.ro\/#organization"},"image":{"@id":"https:\/\/www.aripisprecer.ro\/2021\/10\/19\/virgula-sau-punct\/#primaryimage"},"thumbnailUrl":"https:\/\/www.aripisprecer.ro\/upd\/2021\/10\/pexels-olya-kobruseva-5428833-scaled.jpg","keywords":["virgul\u0103 sau punct"],"articleSection":["Articole","Meditatii crestine"],"inLanguage":"ro-RO"},{"@type":"WebPage","@id":"https:\/\/www.aripisprecer.ro\/2021\/10\/19\/virgula-sau-punct\/","url":"https:\/\/www.aripisprecer.ro\/2021\/10\/19\/virgula-sau-punct\/","name":"Virgul\u0103 sau punct? - Radio Crestin Aripi Spre Cer Online","isPartOf":{"@id":"https:\/\/www.aripisprecer.ro\/#website"},"primaryImageOfPage":{"@id":"https:\/\/www.aripisprecer.ro\/2021\/10\/19\/virgula-sau-punct\/#primaryimage"},"image":{"@id":"https:\/\/www.aripisprecer.ro\/2021\/10\/19\/virgula-sau-punct\/#primaryimage"},"thumbnailUrl":"https:\/\/www.aripisprecer.ro\/upd\/2021\/10\/pexels-olya-kobruseva-5428833-scaled.jpg","datePublished":"2021-10-19T18:36:08+00:00","dateModified":"2021-12-15T11:07:39+00:00","description":"Virgul\u0103 sau punct? Ce alegi \u00een situa\u021bia \u00een care te afli? De multe ori noi punem VIRGUL\u0102 c\u00e2nd Dumnezeu strig\u0103 la noi s\u0103 punem PUNCT.","inLanguage":"ro-RO","potentialAction":[{"@type":"ReadAction","target":["https:\/\/www.aripisprecer.ro\/2021\/10\/19\/virgula-sau-punct\/"]}]},{"@type":"ImageObject","inLanguage":"ro-RO","@id":"https:\/\/www.aripisprecer.ro\/2021\/10\/19\/virgula-sau-punct\/#primaryimage","url":"https:\/\/www.aripisprecer.ro\/upd\/2021\/10\/pexels-olya-kobruseva-5428833-scaled.jpg","contentUrl":"https:\/\/www.aripisprecer.ro\/upd\/2021\/10\/pexels-olya-kobruseva-5428833-scaled.jpg","width":1709,"height":2560,"caption":"virgul\u0103 sau punct"},{"@type":"WebSite","@id":"https:\/\/www.aripisprecer.ro\/#website","url":"https:\/\/www.aripisprecer.ro\/","name":"Radio Crestin Aripi Spre Cer Online","description":"Radio crestin online: muzica crestina, predici, mesaje biblice, emisiuni \u00een direct, preferin\u021be muzicale","publisher":{"@id":"https:\/\/www.aripisprecer.ro\/#organization"},"potentialAction":[{"@type":"SearchAction","target":{"@type":"EntryPoint","urlTemplate":"https:\/\/www.aripisprecer.ro\/?s={search_term_string}"},"query-input":{"@type":"PropertyValueSpecification","valueRequired":true,"valueName":"search_term_string"}}],"inLanguage":"ro-RO"},{"@type":"Organization","@id":"https:\/\/www.aripisprecer.ro\/#organization","name":"Radio Crestin Aripi Spre Cer Online","url":"https:\/\/www.aripisprecer.ro\/","logo":{"@type":"ImageObject","inLanguage":"ro-RO","@id":"https:\/\/www.aripisprecer.ro\/#\/schema\/logo\/image\/","url":"https:\/\/www.aripisprecer.ro\/upd\/2016\/09\/logo_aripi.png","contentUrl":"https:\/\/www.aripisprecer.ro\/upd\/2016\/09\/logo_aripi.png","width":330,"height":120,"caption":"Radio Crestin Aripi Spre Cer Online"},"image":{"@id":"https:\/\/www.aripisprecer.ro\/#\/schema\/logo\/image\/"},"sameAs":["https:\/\/www.facebook.com\/aripisprecer.ro\/","https:\/\/x.com\/RadioCrestin","https:\/\/www.youtube.com\/channel\/UCxDyeO_poUL1wxls-ToZP2Q"]},{"@type":"Person","@id":"https:\/\/www.aripisprecer.ro\/#\/schema\/person\/36caeabb2cfcd74f9abe22a650d55c94","name":"Costin Lorena","image":{"@type":"ImageObject","inLanguage":"ro-RO","@id":"https:\/\/www.aripisprecer.ro\/#\/schema\/person\/image\/","url":"https:\/\/www.aripisprecer.ro\/cnt\/litespeed\/avatar\/a8860d6441270a0b8029ebc457970cb0.jpg?ver=1777281768","contentUrl":"https:\/\/www.aripisprecer.ro\/cnt\/litespeed\/avatar\/a8860d6441270a0b8029ebc457970cb0.jpg?ver=1777281768","caption":"Costin Lorena"},"url":"https:\/\/www.aripisprecer.ro\/profil\/lorena\/"}]}},"_links":{"self":[{"href":"https:\/\/www.aripisprecer.ro\/aripi-json\/wp\/v2\/posts\/5259","targetHints":{"allow":["GET"]}}],"collection":[{"href":"https:\/\/www.aripisprecer.ro\/aripi-json\/wp\/v2\/posts"}],"about":[{"href":"https:\/\/www.aripisprecer.ro\/aripi-json\/wp\/v2\/types\/post"}],"author":[{"embeddable":true,"href":"https:\/\/www.aripisprecer.ro\/aripi-json\/wp\/v2\/users\/183"}],"replies":[{"embeddable":true,"href":"https:\/\/www.aripisprecer.ro\/aripi-json\/wp\/v2\/comments?post=5259"}],"version-history":[{"count":2,"href":"https:\/\/www.aripisprecer.ro\/aripi-json\/wp\/v2\/posts\/5259\/revisions"}],"predecessor-version":[{"id":5263,"href":"https:\/\/www.aripisprecer.ro\/aripi-json\/wp\/v2\/posts\/5259\/revisions\/5263"}],"wp:featuredmedia":[{"embeddable":true,"href":"https:\/\/www.aripisprecer.ro\/aripi-json\/wp\/v2\/media\/5260"}],"wp:attachment":[{"href":"https:\/\/www.aripisprecer.ro\/aripi-json\/wp\/v2\/media?parent=5259"}],"wp:term":[{"taxonomy":"category","embeddable":true,"href":"https:\/\/www.aripisprecer.ro\/aripi-json\/wp\/v2\/categories?post=5259"},{"taxonomy":"post_tag","embeddable":true,"href":"https:\/\/www.aripisprecer.ro\/aripi-json\/wp\/v2\/tags?post=5259"}],"curies":[{"name":"wp","href":"https:\/\/api.w.org\/{rel}","templated":true}]}}